{"id":1208,"date":"2019-07-12T16:04:04","date_gmt":"2019-07-12T14:04:04","guid":{"rendered":"http:\/\/journalcologne.hmkw.de\/eingeveedelt\/?p=1208"},"modified":"2019-07-12T16:04:04","modified_gmt":"2019-07-12T14:04:04","slug":"eine-neue-facettenreiche-ausgabe-plantv","status":"publish","type":"post","link":"http:\/\/journalcologne.hmkw.de\/eingeveedelt\/2019\/07\/12\/eine-neue-facettenreiche-ausgabe-plantv\/","title":{"rendered":"Eine neue, facettenreiche Ausgabe PlanTV"},"content":{"rendered":"<p><em>Die aktuellen 4.-Semestler des Studiengangs Journalismus und Unternehmenskommunikation an der HMKW K\u00f6ln haben ihre erste Ausgabe des Lokalnachrichtenformats \u201ePlan TV\u201c aufgenommen. Die neue Sendung ist ab sofort auf dem Youtube-Kanal der Hochschule zu sehen.<\/em><\/p>\n<div class=\"news-img-wrap\">\n<div class=\"outer\">\n<div class=\"mediaelement mediaelement-image\"><a class=\"lightbox\" title=\"\" href=\"https:\/\/www.hmkw.de\/fileadmin\/_processed_\/csm_Plan_Tv-2__1__kleiner_68cb50ab98.jpg\" rel=\"lightbox[myImageSet]\"><img loading=\"lazy\" class=\"aligncenter\" src=\"https:\/\/www.hmkw.de\/fileadmin\/_processed_\/csm_Plan_Tv-2__1__kleiner_18ecb3c44f.jpg\" alt=\"\" width=\"282\" height=\"221\"><\/a><\/div>\n<\/div>\n<\/div>\n<div class=\"news-text-wrap\">\n<p>Nach mehreren Wochen voller Drehtermine, Stunden vor dem Schnittprogramm und verschwitzen Minuten in der Aufnahmekabine, konnte die neuste Ausgabe des hochschuleigenen Nachrichtenmagazins \u201ePlan TV&#8220; vor Kurzem fertiggestellt werden. Unter der fachlichen Betreuung des Dozierenden-Teams, bestehend aus Prof. Dr. Bettina Lendzian, Hans Hausmann und Heinz Hoppe, hat der Kurs <a class=\"s2\" href=\"https:\/\/www.hmkw.de\/hochschule\/fachbereiche\/journalismus-und-kommunikation\/ueber-den-fachbereich\/\">Journalismus- und Unternehmenskommunikation<\/a> 18kd eine spannende und zugleich informative Magazinsendung produziert. Die Studierenden haben sich \u00fcber die Problematik des Personalmangels im Sicherheitsbereich, die neue Sportart \u201eSpikeball\u201c und E-Zigaretten als ges\u00fcndere Alternative zu Tabak<\/p>\n<p>informiert. Sie haben sich ein besonderes Jugendzentrum in Bonn angeschaut und sich mit einer Yogalehrerin, einem hauptberuflichen K\u00fcnstler sowie dem Inhaber eines neuen Food-Hotspots in K\u00f6ln getroffen. Durch dieses bunte Themenspektrum aus und um K\u00f6ln f\u00fchren Sie die Moderatoren Melina Gramsch und Lukas Schneider \u2013 viel Spa\u00df beim Anschauen!<\/p>\n<p><iframe loading=\"lazy\" width=\"474\" height=\"267\" src=\"https:\/\/www.youtube.com\/embed\/J9SdY0QHkJA?feature=oembed\" frameborder=\"0\" allow=\"accelerometer; autoplay; encrypted-media; gyroscope; picture-in-picture\" allowfullscreen><\/iframe><\/p>\n<\/div>\n","protected":false},"excerpt":{"rendered":"<p>Die aktuellen 4.-Semestler des Studiengangs Journalismus und Unternehmenskommunikation an der HMKW K\u00f6ln haben ihre erste Ausgabe des Lokalnachrichtenformats \u201ePlan TV\u201c aufgenommen. Die neue Sendung ist ab sofort auf dem Youtube-Kanal der Hochschule zu sehen. Nach mehreren Wochen voller Drehtermine, Stunden vor dem Schnittprogramm und verschwitzen Minuten in der Aufnahmekabine, konnte die neuste Ausgabe des hochschuleigenen &hellip; <a href=\"http:\/\/journalcologne.hmkw.de\/eingeveedelt\/2019\/07\/12\/eine-neue-facettenreiche-ausgabe-plantv\/\" class=\"more-link\"><span class=\"screen-reader-text\">Eine neue, facettenreiche Ausgabe PlanTV<\/span> weiterlesen <span class=\"meta-nav\">&rarr;<\/span><\/a><\/p>\n","protected":false},"author":155,"featured_media":1209,"comment_status":"open","ping_status":"open","sticky":false,"template":"","format":"standard","meta":{"ngg_post_thumbnail":0,"spay_email":""},"categories":[1],"tags":[],"yoast_head":"<!-- This site is optimized with the Yoast SEO plugin v16.2 - https:\/\/yoast.com\/wordpress\/plugins\/seo\/ -->\n<meta name=\"robots\" content=\"index, follow, max-snippet:-1, max-image-preview:large, max-video-preview:-1\" \/>\n<link rel=\"canonical\" href=\"http:\/\/journalcologne.hmkw.de\/eingeveedelt\/2019\/07\/12\/eine-neue-facettenreiche-ausgabe-plantv\/\" \/>\n<meta property=\"og:locale\" content=\"de_DE\" \/>\n<meta property=\"og:type\" content=\"article\" \/>\n<meta property=\"og:title\" content=\"Eine neue, facettenreiche Ausgabe PlanTV - eingeVeedelt\" \/>\n<meta property=\"og:description\" content=\"Die aktuellen 4.-Semestler des Studiengangs Journalismus und Unternehmenskommunikation an der HMKW K\u00f6ln haben ihre erste Ausgabe des Lokalnachrichtenformats \u201ePlan TV\u201c aufgenommen. Die neue Sendung ist ab sofort auf dem Youtube-Kanal der Hochschule zu sehen. Nach mehreren Wochen voller Drehtermine, Stunden vor dem Schnittprogramm und verschwitzen Minuten in der Aufnahmekabine, konnte die neuste Ausgabe des hochschuleigenen &hellip; Eine neue, facettenreiche Ausgabe PlanTV weiterlesen &rarr;\" \/>\n<meta property=\"og:url\" content=\"http:\/\/journalcologne.hmkw.de\/eingeveedelt\/2019\/07\/12\/eine-neue-facettenreiche-ausgabe-plantv\/\" \/>\n<meta property=\"og:site_name\" content=\"eingeVeedelt\" \/>\n<meta property=\"article:published_time\" content=\"2019-07-12T14:04:04+00:00\" \/>\n<meta property=\"og:image\" content=\"http:\/\/journalcologne.hmkw.de\/eingeveedelt\/wp-content\/uploads\/sites\/139\/2019\/07\/csm_Plan_Tv-2__1__kleiner_68cb50ab98.jpg\" \/>\n\t<meta property=\"og:image:width\" content=\"766\" \/>\n\t<meta property=\"og:image:height\" content=\"600\" \/>\n<meta name=\"twitter:card\" content=\"summary\" \/>\n<meta name=\"twitter:label1\" content=\"Gesch\u00e4tzte Lesezeit\">\n\t<meta name=\"twitter:data1\" content=\"1\u00a0Minute\">\n<script type=\"application\/ld+json\" class=\"yoast-schema-graph\">{\"@context\":\"https:\/\/schema.org\",\"@graph\":[{\"@type\":\"WebSite\",\"@id\":\"http:\/\/journalcologne.hmkw.de\/eingeveedelt\/#website\",\"url\":\"http:\/\/journalcologne.hmkw.de\/eingeveedelt\/\",\"name\":\"eingeVeedelt\",\"description\":\"Journalistischer Blog \\u00fcber die Veedel von K\\u00f6ln\",\"potentialAction\":[{\"@type\":\"SearchAction\",\"target\":\"http:\/\/journalcologne.hmkw.de\/eingeveedelt\/?s={search_term_string}\",\"query-input\":\"required name=search_term_string\"}],\"inLanguage\":\"de\"},{\"@type\":\"ImageObject\",\"@id\":\"http:\/\/journalcologne.hmkw.de\/eingeveedelt\/2019\/07\/12\/eine-neue-facettenreiche-ausgabe-plantv\/#primaryimage\",\"inLanguage\":\"de\",\"url\":\"http:\/\/journalcologne.hmkw.de\/eingeveedelt\/wp-content\/uploads\/sites\/139\/2019\/07\/csm_Plan_Tv-2__1__kleiner_68cb50ab98.jpg\",\"contentUrl\":\"http:\/\/journalcologne.hmkw.de\/eingeveedelt\/wp-content\/uploads\/sites\/139\/2019\/07\/csm_Plan_Tv-2__1__kleiner_68cb50ab98.jpg\",\"width\":766,\"height\":600},{\"@type\":\"WebPage\",\"@id\":\"http:\/\/journalcologne.hmkw.de\/eingeveedelt\/2019\/07\/12\/eine-neue-facettenreiche-ausgabe-plantv\/#webpage\",\"url\":\"http:\/\/journalcologne.hmkw.de\/eingeveedelt\/2019\/07\/12\/eine-neue-facettenreiche-ausgabe-plantv\/\",\"name\":\"Eine neue, facettenreiche Ausgabe PlanTV - eingeVeedelt\",\"isPartOf\":{\"@id\":\"http:\/\/journalcologne.hmkw.de\/eingeveedelt\/#website\"},\"primaryImageOfPage\":{\"@id\":\"http:\/\/journalcologne.hmkw.de\/eingeveedelt\/2019\/07\/12\/eine-neue-facettenreiche-ausgabe-plantv\/#primaryimage\"},\"datePublished\":\"2019-07-12T14:04:04+00:00\",\"dateModified\":\"2019-07-12T14:04:04+00:00\",\"author\":{\"@id\":\"http:\/\/journalcologne.hmkw.de\/eingeveedelt\/#\/schema\/person\/b830260e1b85fa711e2b33aeae404d83\"},\"breadcrumb\":{\"@id\":\"http:\/\/journalcologne.hmkw.de\/eingeveedelt\/2019\/07\/12\/eine-neue-facettenreiche-ausgabe-plantv\/#breadcrumb\"},\"inLanguage\":\"de\",\"potentialAction\":[{\"@type\":\"ReadAction\",\"target\":[\"http:\/\/journalcologne.hmkw.de\/eingeveedelt\/2019\/07\/12\/eine-neue-facettenreiche-ausgabe-plantv\/\"]}]},{\"@type\":\"BreadcrumbList\",\"@id\":\"http:\/\/journalcologne.hmkw.de\/eingeveedelt\/2019\/07\/12\/eine-neue-facettenreiche-ausgabe-plantv\/#breadcrumb\",\"itemListElement\":[{\"@type\":\"ListItem\",\"position\":1,\"item\":{\"@type\":\"WebPage\",\"@id\":\"http:\/\/journalcologne.hmkw.de\/eingeveedelt\/\",\"url\":\"http:\/\/journalcologne.hmkw.de\/eingeveedelt\/\",\"name\":\"Home\"}},{\"@type\":\"ListItem\",\"position\":2,\"item\":{\"@id\":\"http:\/\/journalcologne.hmkw.de\/eingeveedelt\/2019\/07\/12\/eine-neue-facettenreiche-ausgabe-plantv\/#webpage\"}}]},{\"@type\":\"Person\",\"@id\":\"http:\/\/journalcologne.hmkw.de\/eingeveedelt\/#\/schema\/person\/b830260e1b85fa711e2b33aeae404d83\",\"name\":\"Lisa Bachmann\",\"image\":{\"@type\":\"ImageObject\",\"@id\":\"http:\/\/journalcologne.hmkw.de\/eingeveedelt\/#personlogo\",\"inLanguage\":\"de\",\"url\":\"http:\/\/0.gravatar.com\/avatar\/62d41a082cee8f92d7e910fadb6b2318?s=96&d=mm&r=g\",\"contentUrl\":\"http:\/\/0.gravatar.com\/avatar\/62d41a082cee8f92d7e910fadb6b2318?s=96&d=mm&r=g\",\"caption\":\"Lisa Bachmann\"}}]}<\/script>\n<!-- \/ Yoast SEO plugin. -->","jetpack_featured_media_url":"http:\/\/journalcologne.hmkw.de\/eingeveedelt\/wp-content\/uploads\/sites\/139\/2019\/07\/csm_Plan_Tv-2__1__kleiner_68cb50ab98.jpg","_links":{"self":[{"href":"http:\/\/journalcologne.hmkw.de\/eingeveedelt\/wp-json\/wp\/v2\/posts\/1208"}],"collection":[{"href":"http:\/\/journalcologne.hmkw.de\/eingeveedelt\/wp-json\/wp\/v2\/posts"}],"about":[{"href":"http:\/\/journalcologne.hmkw.de\/eingeveedelt\/wp-json\/wp\/v2\/types\/post"}],"author":[{"embeddable":true,"href":"http:\/\/journalcologne.hmkw.de\/eingeveedelt\/wp-json\/wp\/v2\/users\/155"}],"replies":[{"embeddable":true,"href":"http:\/\/journalcologne.hmkw.de\/eingeveedelt\/wp-json\/wp\/v2\/comments?post=1208"}],"version-history":[{"count":2,"href":"http:\/\/journalcologne.hmkw.de\/eingeveedelt\/wp-json\/wp\/v2\/posts\/1208\/revisions"}],"predecessor-version":[{"id":1212,"href":"http:\/\/journalcologne.hmkw.de\/eingeveedelt\/wp-json\/wp\/v2\/posts\/1208\/revisions\/1212"}],"wp:featuredmedia":[{"embeddable":true,"href":"http:\/\/journalcologne.hmkw.de\/eingeveedelt\/wp-json\/wp\/v2\/media\/1209"}],"wp:attachment":[{"href":"http:\/\/journalcologne.hmkw.de\/eingeveedelt\/wp-json\/wp\/v2\/media?parent=1208"}],"wp:term":[{"taxonomy":"category","embeddable":true,"href":"http:\/\/journalcologne.hmkw.de\/eingeveedelt\/wp-json\/wp\/v2\/categories?post=1208"},{"taxonomy":"post_tag","embeddable":true,"href":"http:\/\/journalcologne.hmkw.de\/eingeveedelt\/wp-json\/wp\/v2\/tags?post=1208"}],"curies":[{"name":"wp","href":"https:\/\/api.w.org\/{rel}","templated":true}]}}