{"id":1263,"date":"2019-08-02T13:39:32","date_gmt":"2019-08-02T11:39:32","guid":{"rendered":"http:\/\/journalcologne.hmkw.de\/eingeveedelt\/?p=1263"},"modified":"2019-08-07T11:39:18","modified_gmt":"2019-08-07T09:39:18","slug":"hinger-dr-britz-im-haenneschen-theater","status":"publish","type":"post","link":"http:\/\/journalcologne.hmkw.de\/eingeveedelt\/2019\/08\/02\/hinger-dr-britz-im-haenneschen-theater\/","title":{"rendered":"Hinger dr Britz im H\u00e4nneschen-Theater"},"content":{"rendered":"<p style=\"text-align: left\">Die G\u00e4sschen in Knollendorf sind menschenleer. Die Stra\u00dfenlaternen spenden keinerlei Licht. Die L\u00e4dchen sind geschlossen. \u201eHinger dr Britz\u201c im H\u00e4nneschen-Theater am Eisenmarkt ist Mittagspause. Hinter der B\u00fchne ist es k\u00fchl und dunkel. Bis zu vier Kilo schwere Puppen und Requisiten warten am Rand auf ihren n\u00e4chsten Auftritt. Die Instrumente sind spielbereit und die B\u00fchnenbilder h\u00e4ngen fest verankert in ihren Scharnieren an der Decke.<\/p>\n<figure id=\"attachment_1264\" aria-describedby=\"caption-attachment-1264\" style=\"width: 300px\" class=\"wp-caption alignright\"><a href=\"http:\/\/journalcologne.hmkw.de\/eingeveedelt\/wp-content\/uploads\/sites\/139\/2019\/08\/DSC08926.jpg\"><img loading=\"lazy\" class=\"wp-image-1264 size-medium\" src=\"http:\/\/journalcologne.hmkw.de\/eingeveedelt\/wp-content\/uploads\/sites\/139\/2019\/08\/DSC08926-300x199.jpg\" alt=\"\" width=\"300\" height=\"199\" srcset=\"http:\/\/journalcologne.hmkw.de\/eingeveedelt\/wp-content\/uploads\/sites\/139\/2019\/08\/DSC08926-300x199.jpg 300w, http:\/\/journalcologne.hmkw.de\/eingeveedelt\/wp-content\/uploads\/sites\/139\/2019\/08\/DSC08926-768x510.jpg 768w, http:\/\/journalcologne.hmkw.de\/eingeveedelt\/wp-content\/uploads\/sites\/139\/2019\/08\/DSC08926-1024x681.jpg 1024w\" sizes=\"(max-width: 300px) 100vw, 300px\" \/><\/a><figcaption id=\"caption-attachment-1264\" class=\"wp-caption-text\">Die Puppen am Rande der B\u00fchne<\/figcaption><\/figure>\n<p style=\"text-align: left\">Neben den Puppen stehen Kutschen und V\u00f6gel auf d\u00fcnnen Metallst\u00e4ben, damit sie \u00fcber die B\u00fchne \u201efliegen\u201c k\u00f6nnen. Seit 1802 ist das die 17. B\u00fchnenstation des H\u00e4nneschen-Theaters im Martinsviertel. Tag f\u00fcr Tag l\u00fcftet sich der Vorhang, der fiktiven Stadt Knollendorf, f\u00fcr die Besucher und bringt sie alle zum Lachen. Die Veedelgeschichten ber\u00fchren und am\u00fcsieren.<span class=\"Apple-converted-space\">\u00a0<\/span><\/p>\n<h3 style=\"text-align: left\"><strong>Vom Logistiker zum gl\u00fccklichen Puppenspieler<span class=\"Apple-converted-space\">\u00a0<\/span><\/strong><\/h3>\n<figure id=\"attachment_1272\" aria-describedby=\"caption-attachment-1272\" style=\"width: 199px\" class=\"wp-caption alignright\"><a href=\"http:\/\/journalcologne.hmkw.de\/eingeveedelt\/wp-content\/uploads\/sites\/139\/2019\/08\/DSC08968.jpg\"><img loading=\"lazy\" class=\"wp-image-1272 size-medium\" src=\"http:\/\/journalcologne.hmkw.de\/eingeveedelt\/wp-content\/uploads\/sites\/139\/2019\/08\/DSC08968-199x300.jpg\" alt=\"\" width=\"199\" height=\"300\" srcset=\"http:\/\/journalcologne.hmkw.de\/eingeveedelt\/wp-content\/uploads\/sites\/139\/2019\/08\/DSC08968-199x300.jpg 199w, http:\/\/journalcologne.hmkw.de\/eingeveedelt\/wp-content\/uploads\/sites\/139\/2019\/08\/DSC08968-768x1155.jpg 768w, http:\/\/journalcologne.hmkw.de\/eingeveedelt\/wp-content\/uploads\/sites\/139\/2019\/08\/DSC08968-681x1024.jpg 681w, http:\/\/journalcologne.hmkw.de\/eingeveedelt\/wp-content\/uploads\/sites\/139\/2019\/08\/DSC08968.jpg 1808w\" sizes=\"(max-width: 199px) 100vw, 199px\" \/><\/a><figcaption id=\"caption-attachment-1272\" class=\"wp-caption-text\">Michael Danz und T\u00fcnnes<\/figcaption><\/figure>\n<p style=\"text-align: left\">Michael Danz ist seit Februar 2018 festes Mitglied im Ensemble des H\u00e4nneschen-Theaters in der K\u00f6lner Altstadt. Er hat die Nachfolge von Hans Fey angetreten, der weit mehr als 30 Jahre den M\u00e4hlwurms Pitter spielte. Neben dem M\u00e4hlwurms Pitter, dem Wirt der Stammkneipe in Knollendorf, spielt Danz auch Besteva, den Gro\u00dfvater vom H\u00e4nneschen. Michael Danz nutze im Februar letzten Jahres die einmalige Chance: Endlich raus aus der Logistik Branche und Puppenspieler im H\u00e4nneschen Theater werden. \u201eDie Bewerbung habe ich nat\u00fcrlich auf K\u00f6lsch geschrieben, wie sich das geh\u00f6rt.\u201c, erz\u00e4hlt Michael Danz. Die Einladung zum Vorsprechen lie\u00df nicht lange auf sich warten und das Ensemble hat sich noch am n\u00e4chsten Tag f\u00fcr ihn als Nachfolger entschieden. Michael Danz erz\u00e4hlt, dass die anderen zwar singen konnten, aber \u201ekeiner kunt K\u00f6lsch\u201c. Der geb\u00fcrtige S\u00fcdst\u00e4dter tr\u00e4gt ein Chlodwigplatz T-Shirt und erz\u00e4hlt weiter grinsend: \u201eIch habe mich dann auf die Bank vor dem Theater gesetzt und geheult wie ein kleines Kind.\u201c Michael Danz durfte sein Hobby zum Beruf machen, f\u00fcr ihn ist es eine Ehre im H\u00e4nneschen Theater spielen zu d\u00fcrfen. Die K\u00f6lsche Sprache war schon immer sein Hobby.<\/p>\n<h3 style=\"text-align: left\">Auch die Puppen m\u00fcssen in die Maske<\/h3>\n<figure id=\"attachment_1268\" aria-describedby=\"caption-attachment-1268\" style=\"width: 300px\" class=\"wp-caption alignright\"><a href=\"http:\/\/journalcologne.hmkw.de\/eingeveedelt\/wp-content\/uploads\/sites\/139\/2019\/08\/DSC08948.jpg\"><img loading=\"lazy\" class=\"wp-image-1268 size-medium\" src=\"http:\/\/journalcologne.hmkw.de\/eingeveedelt\/wp-content\/uploads\/sites\/139\/2019\/08\/DSC08948-300x199.jpg\" alt=\"\" width=\"300\" height=\"199\" srcset=\"http:\/\/journalcologne.hmkw.de\/eingeveedelt\/wp-content\/uploads\/sites\/139\/2019\/08\/DSC08948-300x199.jpg 300w, http:\/\/journalcologne.hmkw.de\/eingeveedelt\/wp-content\/uploads\/sites\/139\/2019\/08\/DSC08948-768x511.jpg 768w, http:\/\/journalcologne.hmkw.de\/eingeveedelt\/wp-content\/uploads\/sites\/139\/2019\/08\/DSC08948-1024x681.jpg 1024w\" sizes=\"(max-width: 300px) 100vw, 300px\" \/><\/a><figcaption id=\"caption-attachment-1268\" class=\"wp-caption-text\">Eine Puppe wird neu geschminkt<\/figcaption><\/figure>\n<p>Bevor Besteva, der Gro\u00dfvater von H\u00e4nneschen, auf die B\u00fchne darf, muss er noch mal in die Maske. In dem stickigen und hellen Raum reihen sich unz\u00e4hlige Kost\u00fcmchen auf. Sie sind feins\u00e4uberlich hinter den Glast\u00fcren sortiert. \u201e\u00dcber 10.000 Kost\u00fcme, 750 K\u00f6pfe und 300 K\u00f6rper sind in der Puppenwerkstatt gelagert\u201c, erz\u00e4hlt Michael Danz stolz.<\/p>\n<figure id=\"attachment_1269\" aria-describedby=\"caption-attachment-1269\" style=\"width: 300px\" class=\"wp-caption alignright\"><a href=\"http:\/\/journalcologne.hmkw.de\/eingeveedelt\/wp-content\/uploads\/sites\/139\/2019\/08\/DSC08957.jpg\"><img loading=\"lazy\" class=\"wp-image-1269 size-medium\" src=\"http:\/\/journalcologne.hmkw.de\/eingeveedelt\/wp-content\/uploads\/sites\/139\/2019\/08\/DSC08957-300x199.jpg\" alt=\"\" width=\"300\" height=\"199\" srcset=\"http:\/\/journalcologne.hmkw.de\/eingeveedelt\/wp-content\/uploads\/sites\/139\/2019\/08\/DSC08957-300x199.jpg 300w, http:\/\/journalcologne.hmkw.de\/eingeveedelt\/wp-content\/uploads\/sites\/139\/2019\/08\/DSC08957-768x511.jpg 768w, http:\/\/journalcologne.hmkw.de\/eingeveedelt\/wp-content\/uploads\/sites\/139\/2019\/08\/DSC08957-1024x681.jpg 1024w\" sizes=\"(max-width: 300px) 100vw, 300px\" \/><\/a><figcaption id=\"caption-attachment-1269\" class=\"wp-caption-text\">Die Fernsehk\u00f6che und der Pr\u00e4sident<\/figcaption><\/figure>\n<p style=\"text-align: left\">Darunter auch Prominenz: hinter den Glasfenstern grinsen die Fernsehk\u00f6che Johann Lafer und Horst Lichter und nebenan schaut Donald Trump grimmig aus dem Regal.<\/p>\n<figure id=\"attachment_1266\" aria-describedby=\"caption-attachment-1266\" style=\"width: 199px\" class=\"wp-caption alignright\"><a href=\"http:\/\/journalcologne.hmkw.de\/eingeveedelt\/wp-content\/uploads\/sites\/139\/2019\/08\/DSC08943.jpg\"><img loading=\"lazy\" class=\"wp-image-1266 size-medium\" src=\"http:\/\/journalcologne.hmkw.de\/eingeveedelt\/wp-content\/uploads\/sites\/139\/2019\/08\/DSC08943-199x300.jpg\" alt=\"\" width=\"199\" height=\"300\" srcset=\"http:\/\/journalcologne.hmkw.de\/eingeveedelt\/wp-content\/uploads\/sites\/139\/2019\/08\/DSC08943-199x300.jpg 199w, http:\/\/journalcologne.hmkw.de\/eingeveedelt\/wp-content\/uploads\/sites\/139\/2019\/08\/DSC08943-768x1155.jpg 768w, http:\/\/journalcologne.hmkw.de\/eingeveedelt\/wp-content\/uploads\/sites\/139\/2019\/08\/DSC08943-681x1024.jpg 681w, http:\/\/journalcologne.hmkw.de\/eingeveedelt\/wp-content\/uploads\/sites\/139\/2019\/08\/DSC08943.jpg 2000w\" sizes=\"(max-width: 199px) 100vw, 199px\" \/><\/a><figcaption id=\"caption-attachment-1266\" class=\"wp-caption-text\">Das nackte H\u00e4nneschen<\/figcaption><\/figure>\n<p style=\"text-align: left\">Zwischen Farben, Pinseln, Nadeln und F\u00e4den stehen Puppen f\u00fcr das kommende St\u00fcck im September. Nackte Puppen offenbaren ihren K\u00f6rperbau. Danz erkl\u00e4rt: \u201eDie K\u00f6rperteile aus Lindenholz werden durch dicke B\u00e4nder, \u00e4hnlich wie Rollladengurte, zusammengehalten.\u201c Jedes Ensemblemitglied geht einer Nebent\u00e4tigkeit nach. Michael Danz k\u00fcmmert sich um die Reparatur der Puppen. \u201eIn den letzten anderthalb Jahren habe ich nur 10-15 Puppen flicken m\u00fcssen\u201c. Die Puppen sind also sehr robust. Die Schminke sitzt, das Kost\u00fcm passt, Besteva ist bereit f\u00fcr den Auftritt.<span class=\"Apple-converted-space\">\u00a0<\/span><\/p>\n<h3 style=\"text-align: left\">Fl\u00e4scheposs f\u00fcr das H\u00e4nneschen<b><span class=\"Apple-converted-space\">\u00a0<\/span><\/b><\/h3>\n<figure id=\"attachment_1270\" aria-describedby=\"caption-attachment-1270\" style=\"width: 300px\" class=\"wp-caption alignright\"><a href=\"http:\/\/journalcologne.hmkw.de\/eingeveedelt\/wp-content\/uploads\/sites\/139\/2019\/08\/DSC08963.jpg\"><img loading=\"lazy\" class=\"wp-image-1270 size-medium\" src=\"http:\/\/journalcologne.hmkw.de\/eingeveedelt\/wp-content\/uploads\/sites\/139\/2019\/08\/DSC08963-300x202.jpg\" alt=\"\" width=\"300\" height=\"202\" srcset=\"http:\/\/journalcologne.hmkw.de\/eingeveedelt\/wp-content\/uploads\/sites\/139\/2019\/08\/DSC08963-300x202.jpg 300w, http:\/\/journalcologne.hmkw.de\/eingeveedelt\/wp-content\/uploads\/sites\/139\/2019\/08\/DSC08963-768x517.jpg 768w, http:\/\/journalcologne.hmkw.de\/eingeveedelt\/wp-content\/uploads\/sites\/139\/2019\/08\/DSC08963-1024x690.jpg 1024w\" sizes=\"(max-width: 300px) 100vw, 300px\" \/><\/a><figcaption id=\"caption-attachment-1270\" class=\"wp-caption-text\">Der h\u00f6lzerne Saal im H\u00e4nneschen-Theater<\/figcaption><\/figure>\n<p style=\"text-align: left\">Die B\u00fchne ist dunkel, r\u00f6tliches Licht strahlt vom gleichfarbigen Vorhang sanft in den Saal. Das Publikum, vor allem Kinder, tuscheln aufgeregt auf den h\u00f6lzernen B\u00e4nken. \u201eFl\u00e4scheposs\u201c beginnt in wenigen Minuten. Das Kinderst\u00fcck ist das Pendant zu dem Erwachsenenst\u00fcck<span class=\"Apple-converted-space\">\u00a0 <\/span>\u201eFarina\u201c. Zwei der sechs Produktionen des H\u00e4nneschen Theaters pro Jahr. Die Anf\u00e4nge des ber\u00fchmten \u201eEau de Cologne\u201c sollen in beiden St\u00fccken erz\u00e4hlt werden. Ein Gong ert\u00f6nt, der Saal verstummt, H\u00e4nneschen betritt die B\u00fchne. Er spricht hochdeutsch, \u00fcberraschend, wenn man bedenkt, dass das Theater f\u00fcr die K\u00f6lsche Sprache bekannt ist. Doch zu fr\u00fch gewundert. H\u00e4nneschen erkl\u00e4rt den Zuschauern nur die Basics des K\u00f6lschen Akzents und bittet alle, ihre Handys auszuschalten. Der erste Akt wird mit Gesang eingel\u00e4utet. Die V\u00f6gel wackeln, oder besser gesagt, fliegen \u00fcber die B\u00fchne, ein Schiff f\u00e4hrt vorbei. H\u00e4nneschen und B\u00e4rbelchen treten auf. \u201eDamit die Puppen nicht leblos aussehen, d\u00fcrfen die St\u00e4be nicht den Boden ber\u00fchren, das geht ganz sch\u00f6n auf die Nackenmuskulatur\u201c, erz\u00e4hlt Michael Danz. Jetzt ist erkennbar was er vor dem St\u00fcck zu erkl\u00e4ren versuchte, die Puppen sehen erschreckend lebendig aus. Das St\u00fcck handelt von H\u00e4nneschen der ein Schulaufsatz \u00fcber die Entstehung des Parf\u00fcms schreiben soll, aber keiner der Bewohner kennt sich damit aus. Pl\u00f6tzlich findet H\u00e4nneschen eine Flaschenpost im Wasser. \u201e<i>Wor\u00f6m m\u00fcssen die L\u00fcck eijentlich alles in e Wasser wirfe&#8230;dat kann mer doch och \u00f6ntlich fott schmiesse\u201c, <\/i>ert\u00f6nt B\u00e4rbelchens Stimme. Das Publikum lacht. Ob die Passage auf das Thema Nachhaltigkeit anspricht, bleibt offen, ebenfalls, ob noch mehr Leuten die Anspielung aufgefallen ist. In der Flaschenpost befindet sich ein Flaschengeist, der H\u00e4nneschen helfen kann. Eine Reise durch die abenteuerliche K\u00f6lner Parf\u00fcmgeschichte beginnt. Sie ist gespickt mit unz\u00e4hligen Lachern und aufregenden Ereignissen, begleitet von Musik und Gesang, in vier Akten. Spoiler: H\u00e4nneschen schafft es am Ende den tollsten Aufsatz zu schreiben, seine Lehrerin ist entz\u00fcckt. Die Zuschauer sind begeistert, es gibt tosenden Applaus. Das St\u00fcck ist zu Ende. Bis auf den preu\u00dfischen Polizisten, sprechen alle Bewohner Knollendorfs aus-gezeichnetes K\u00f6lsch. Zumindest f\u00fcr Zuschauer, die nicht aus K\u00f6ln kommen. \u201eUr-K\u00f6lner sind auch durchaus mal kritisch. Ab und an wird auch hinter den Kulissen dar\u00fcber diskutiert, wie ein Wort in K\u00f6lsch richtig ausgesprochen wird.\u201c, erkl\u00e4rt Michael Danz.<span class=\"Apple-converted-space\">\u00a0\u00a0 <\/span><\/p>\n<figure id=\"attachment_1267\" aria-describedby=\"caption-attachment-1267\" style=\"width: 300px\" class=\"wp-caption alignright\"><a href=\"http:\/\/journalcologne.hmkw.de\/eingeveedelt\/wp-content\/uploads\/sites\/139\/2019\/08\/DSC08946.jpg\"><img loading=\"lazy\" class=\"wp-image-1267 size-medium\" src=\"http:\/\/journalcologne.hmkw.de\/eingeveedelt\/wp-content\/uploads\/sites\/139\/2019\/08\/DSC08946-300x199.jpg\" alt=\"\" width=\"300\" height=\"199\" srcset=\"http:\/\/journalcologne.hmkw.de\/eingeveedelt\/wp-content\/uploads\/sites\/139\/2019\/08\/DSC08946-300x199.jpg 300w, http:\/\/journalcologne.hmkw.de\/eingeveedelt\/wp-content\/uploads\/sites\/139\/2019\/08\/DSC08946-768x511.jpg 768w, http:\/\/journalcologne.hmkw.de\/eingeveedelt\/wp-content\/uploads\/sites\/139\/2019\/08\/DSC08946-1024x681.jpg 1024w\" sizes=\"(max-width: 300px) 100vw, 300px\" \/><\/a><figcaption id=\"caption-attachment-1267\" class=\"wp-caption-text\">Die &#8222;Schminke&#8220; der h\u00f6lzernen Puppen<\/figcaption><\/figure>\n<p style=\"text-align: left\">Die Detail-versessenheit des St\u00fccks ist beeindruckend. Ob Requisiten Gestaltung, Aufmachung der Puppen oder die Diskussion um die richtige Aussprache des k\u00f6lschen Akzents, beim H\u00e4nneschen-Theater wird darauf geachtet, dass alles perfekt aussieht und l\u00e4uft.<\/p>\n<h3 style=\"text-align: left\">\u201eHinger der Britz\u201c<\/h3>\n<p style=\"text-align: left\">Neben Michael Danz, der in diesem St\u00fcck Besteva und eine andere Nebenfigur gespielt hat, sind 13 weitere Puppenspieler hinter der B\u00fchne. \u201eWenn jemand gerade nicht spielt, l\u00e4sst er V\u00f6gel durch die Gegend fliegen, reicht den Spielern Puppen an oder k\u00fcmmert sich um etwas anderes.<\/p>\n<figure id=\"attachment_1271\" aria-describedby=\"caption-attachment-1271\" style=\"width: 300px\" class=\"wp-caption alignright\"><a href=\"http:\/\/journalcologne.hmkw.de\/eingeveedelt\/wp-content\/uploads\/sites\/139\/2019\/08\/DSC08966.jpg\"><img loading=\"lazy\" class=\"wp-image-1271 size-medium\" src=\"http:\/\/journalcologne.hmkw.de\/eingeveedelt\/wp-content\/uploads\/sites\/139\/2019\/08\/DSC08966-300x199.jpg\" alt=\"\" width=\"300\" height=\"199\" srcset=\"http:\/\/journalcologne.hmkw.de\/eingeveedelt\/wp-content\/uploads\/sites\/139\/2019\/08\/DSC08966-300x199.jpg 300w, http:\/\/journalcologne.hmkw.de\/eingeveedelt\/wp-content\/uploads\/sites\/139\/2019\/08\/DSC08966-768x511.jpg 768w, http:\/\/journalcologne.hmkw.de\/eingeveedelt\/wp-content\/uploads\/sites\/139\/2019\/08\/DSC08966-1024x681.jpg 1024w\" sizes=\"(max-width: 300px) 100vw, 300px\" \/><\/a><figcaption id=\"caption-attachment-1271\" class=\"wp-caption-text\">Die h\u00e4ngenden Kulissen<\/figcaption><\/figure>\n<p style=\"text-align: left\">Hier steht w\u00e4hrend des St\u00fccks keiner rum.\u201c, erz\u00e4hlt Danz. Neben den Puppenspielern begleiten f\u00fcnf Live Musiker und 20 Puppen, davon allein vier H\u00e4nneschen, das Kinderst\u00fcck. Die unter 1,80m gro\u00dfen Puppenspieler haben keine Zeit die Puppen w\u00e4hrend des St\u00fccks umzuziehen, also m\u00fcssen einfach mehrere, mit verschiedenen Kost\u00fcmen, angefertigt werden. Unter 1,80m, weil die K\u00f6pfe der Puppenspieler nicht \u00fcber der B\u00fchne herausragen sollten, die ist n\u00e4mlich nur 1,80m hoch. Die wundersch\u00f6n bemalten Kulissen h\u00e4ngen an Scharnieren von der Decke. Sie sind somit leicht beweglich und austauschbar, da sie nach jedem Akt gewechselt werden m\u00fcssen. \u201eDie \u00e4lteste Kulisse, die ich bisher entdeckt habe, ist von 1968.\u201c erz\u00e4hlt Michael Danz aufgeregt. \u201eMal sehen, ob ich irgendwann eine noch \u00e4ltere finde.\u201c \u00dcber 50 Jahre alte Kulissen beweisen, wie ordentlich und gewissenhaft im H\u00e4nneschen-Theater gearbeitet wird. Hier gilt ganz klar: Qualit\u00e4t vor Quantit\u00e4t. Das gilt auch f\u00fcr die St\u00fccke. Geschrieben werden die n\u00e4mlich fast ausschlie\u00dflich vom Ensemble und der Intendanz selbst. \u201eUnser stellvertretender Intendant Uwe M\u00fcller ist ein hervorragender St\u00fcckeschreiber, der auch das aktuelle St\u00fcck \u201eFarina\u201c und das kommende St\u00fcck \u201eOffenbach\u201c geschrieben hat, die teilweise drei Stunden gehen. Die schreibt er einfach hervorragend.\u201c, so Danz. Selten kommt es vor, dass jemand von au\u00dferhalb ein St\u00fcck schreibt. Die Leute kennen sich meist zu wenig mit dem Theater aus. \u201eDa gibt es oft Schwierigkeiten bei der Umsetzung auf der B\u00fchne. Die meisten wissen nicht, was man auf einer Puppenb\u00fchne veranstalten kann. H\u00e4nneschen kann nicht einfach aus dem Fenster springen.\u201c<span class=\"Apple-converted-space\">\u00a0<\/span><\/p>\n<h3 style=\"text-align: left\">\u201e<i>W\u00e4 en K\u00f6lle es jebore, h\u00e4t e R\u00e4ch \u00a0si Levve lang\u00a0frei ze sin un frei ze odme jede Minsch\u00a0ne freie Mann<\/i>.\u201c<\/h3>\n<p style=\"text-align: left\">Michael Danz kennt sich trotz seiner erst kurzen Zeit am H\u00e4nneschen-Theater unfassbar gut aus. Mit kontinuierlicher Begeisterung, berichtet er von seiner Arbeit und den Abl\u00e4ufen im Theater. Schon als Kind tauchte er mit seinen Eltern in die Welt des kleinen H\u00e4nneschen ein, dann mit seinem Sohn und jetzt darf er selbst mitspielen. Auf die Frage, ob er je noch mal woanders arbeiten m\u00f6chte ruft er laut \u201eNEIN!\u201c und lacht, \u201eIch bleibe hier\u201c. Er zitiert eine Zeile aus dem Song der Band \u201eSchlacht bei Worringen\u201c von der Band \u201eB\u00e4ck F\u00f6\u00f6ss\u201c, die seine Situation nicht besser beschreiben k\u00f6nnte: <i>\u201eW\u00e4 en K\u00f6lle es jebore, h\u00e4t e R\u00e4ch \u00a0si Levve lang\u00a0frei ze sin un frei ze odme jede Minsch\u00a0ne freie Mann\u201c<\/i><\/p>\n<figure id=\"attachment_1265\" aria-describedby=\"caption-attachment-1265\" style=\"width: 300px\" class=\"wp-caption aligncenter\"><a href=\"http:\/\/journalcologne.hmkw.de\/eingeveedelt\/wp-content\/uploads\/sites\/139\/2019\/08\/DSC08940.jpg\"><img loading=\"lazy\" class=\"wp-image-1265 size-medium\" src=\"http:\/\/journalcologne.hmkw.de\/eingeveedelt\/wp-content\/uploads\/sites\/139\/2019\/08\/DSC08940-300x200.jpg\" alt=\"\" width=\"300\" height=\"200\" srcset=\"http:\/\/journalcologne.hmkw.de\/eingeveedelt\/wp-content\/uploads\/sites\/139\/2019\/08\/DSC08940-300x200.jpg 300w, http:\/\/journalcologne.hmkw.de\/eingeveedelt\/wp-content\/uploads\/sites\/139\/2019\/08\/DSC08940-768x513.jpg 768w, http:\/\/journalcologne.hmkw.de\/eingeveedelt\/wp-content\/uploads\/sites\/139\/2019\/08\/DSC08940-1024x684.jpg 1024w\" sizes=\"(max-width: 300px) 100vw, 300px\" \/><\/a><figcaption id=\"caption-attachment-1265\" class=\"wp-caption-text\">Die Puppe Jaque Offenbach f\u00fcr das kommende St\u00fcck<\/figcaption><\/figure>\n<p style=\"text-align: left\">Jetzt geht es f\u00fcr Michael Danz erst mal auf Europa Tour mit seinem Camper, um Texte zu lernen und den Urlaub zu genie\u00dfen. Ab dem 31.08 startet dann schon wieder das St\u00fcck \u201eOffenbach \u2013 Zwesche K\u00f6lle un Paris\u201c.<span class=\"Apple-converted-space\">\u00a0<\/span><\/p>\n","protected":false},"excerpt":{"rendered":"<p>Die G\u00e4sschen in Knollendorf sind menschenleer. Die Stra\u00dfenlaternen spenden keinerlei Licht. Die L\u00e4dchen sind geschlossen. \u201eHinger dr Britz\u201c im H\u00e4nneschen-Theater am Eisenmarkt ist Mittagspause. Hinter der B\u00fchne ist es k\u00fchl und dunkel. Bis zu vier Kilo schwere Puppen und Requisiten warten am Rand auf ihren n\u00e4chsten Auftritt. Die Instrumente sind spielbereit und die B\u00fchnenbilder h\u00e4ngen &hellip; <a href=\"http:\/\/journalcologne.hmkw.de\/eingeveedelt\/2019\/08\/02\/hinger-dr-britz-im-haenneschen-theater\/\" class=\"more-link\"><span class=\"screen-reader-text\">Hinger dr Britz im H\u00e4nneschen-Theater<\/span> weiterlesen <span class=\"meta-nav\">&rarr;<\/span><\/a><\/p>\n","protected":false},"author":169,"featured_media":1275,"comment_status":"open","ping_status":"open","sticky":false,"template":"","format":"standard","meta":{"ngg_post_thumbnail":0,"spay_email":""},"categories":[1,128,126],"tags":[182,219,12,217,218],"yoast_head":"<!-- This site is optimized with the Yoast SEO plugin v16.2 - https:\/\/yoast.com\/wordpress\/plugins\/seo\/ -->\n<meta name=\"description\" content=\"Hinter der B\u00fchne im ber\u00fchmten H\u00e4nneschen-Theater der K\u00f6lner Altstadt. Joana hat sich mit einem Puppenspieler unterhalten und hinter den Kulissen umgeschaut.\" \/>\n<meta name=\"robots\" content=\"index, follow, max-snippet:-1, max-image-preview:large, max-video-preview:-1\" \/>\n<link rel=\"canonical\" href=\"http:\/\/journalcologne.hmkw.de\/eingeveedelt\/2019\/08\/02\/hinger-dr-britz-im-haenneschen-theater\/\" \/>\n<meta property=\"og:locale\" content=\"de_DE\" \/>\n<meta property=\"og:type\" content=\"article\" \/>\n<meta property=\"og:title\" content=\"Hinger dr Britz im H\u00e4nneschen-Theater - eingeVeedelt\" \/>\n<meta property=\"og:description\" content=\"Hinter der B\u00fchne im ber\u00fchmten H\u00e4nneschen-Theater der K\u00f6lner Altstadt. Joana hat sich mit einem Puppenspieler unterhalten und hinter den Kulissen umgeschaut.\" \/>\n<meta property=\"og:url\" content=\"http:\/\/journalcologne.hmkw.de\/eingeveedelt\/2019\/08\/02\/hinger-dr-britz-im-haenneschen-theater\/\" \/>\n<meta property=\"og:site_name\" content=\"eingeVeedelt\" \/>\n<meta property=\"article:published_time\" content=\"2019-08-02T11:39:32+00:00\" \/>\n<meta property=\"article:modified_time\" content=\"2019-08-07T09:39:18+00:00\" \/>\n<meta property=\"og:image\" content=\"http:\/\/journalcologne.hmkw.de\/eingeveedelt\/wp-content\/uploads\/sites\/139\/2019\/08\/DSC08913-1024x773.jpg\" \/>\n\t<meta property=\"og:image:width\" content=\"1024\" \/>\n\t<meta property=\"og:image:height\" content=\"773\" \/>\n<meta name=\"twitter:card\" content=\"summary\" \/>\n<meta name=\"twitter:label1\" content=\"Gesch\u00e4tzte Lesezeit\">\n\t<meta name=\"twitter:data1\" content=\"8\u00a0Minuten\">\n<script type=\"application\/ld+json\" class=\"yoast-schema-graph\">{\"@context\":\"https:\/\/schema.org\",\"@graph\":[{\"@type\":\"WebSite\",\"@id\":\"http:\/\/journalcologne.hmkw.de\/eingeveedelt\/#website\",\"url\":\"http:\/\/journalcologne.hmkw.de\/eingeveedelt\/\",\"name\":\"eingeVeedelt\",\"description\":\"Journalistischer Blog \\u00fcber die Veedel von K\\u00f6ln\",\"potentialAction\":[{\"@type\":\"SearchAction\",\"target\":\"http:\/\/journalcologne.hmkw.de\/eingeveedelt\/?s={search_term_string}\",\"query-input\":\"required name=search_term_string\"}],\"inLanguage\":\"de\"},{\"@type\":\"ImageObject\",\"@id\":\"http:\/\/journalcologne.hmkw.de\/eingeveedelt\/2019\/08\/02\/hinger-dr-britz-im-haenneschen-theater\/#primaryimage\",\"inLanguage\":\"de\",\"url\":\"http:\/\/journalcologne.hmkw.de\/eingeveedelt\/wp-content\/uploads\/sites\/139\/2019\/08\/DSC08913.jpg\",\"contentUrl\":\"http:\/\/journalcologne.hmkw.de\/eingeveedelt\/wp-content\/uploads\/sites\/139\/2019\/08\/DSC08913.jpg\",\"width\":2565,\"height\":1936},{\"@type\":\"WebPage\",\"@id\":\"http:\/\/journalcologne.hmkw.de\/eingeveedelt\/2019\/08\/02\/hinger-dr-britz-im-haenneschen-theater\/#webpage\",\"url\":\"http:\/\/journalcologne.hmkw.de\/eingeveedelt\/2019\/08\/02\/hinger-dr-britz-im-haenneschen-theater\/\",\"name\":\"Hinger dr Britz im H\\u00e4nneschen-Theater - eingeVeedelt\",\"isPartOf\":{\"@id\":\"http:\/\/journalcologne.hmkw.de\/eingeveedelt\/#website\"},\"primaryImageOfPage\":{\"@id\":\"http:\/\/journalcologne.hmkw.de\/eingeveedelt\/2019\/08\/02\/hinger-dr-britz-im-haenneschen-theater\/#primaryimage\"},\"datePublished\":\"2019-08-02T11:39:32+00:00\",\"dateModified\":\"2019-08-07T09:39:18+00:00\",\"author\":{\"@id\":\"http:\/\/journalcologne.hmkw.de\/eingeveedelt\/#\/schema\/person\/267559b1babd2dbd3217e7831234448b\"},\"description\":\"Hinter der B\\u00fchne im ber\\u00fchmten H\\u00e4nneschen-Theater der K\\u00f6lner Altstadt. Joana hat sich mit einem Puppenspieler unterhalten und hinter den Kulissen umgeschaut.\",\"breadcrumb\":{\"@id\":\"http:\/\/journalcologne.hmkw.de\/eingeveedelt\/2019\/08\/02\/hinger-dr-britz-im-haenneschen-theater\/#breadcrumb\"},\"inLanguage\":\"de\",\"potentialAction\":[{\"@type\":\"ReadAction\",\"target\":[\"http:\/\/journalcologne.hmkw.de\/eingeveedelt\/2019\/08\/02\/hinger-dr-britz-im-haenneschen-theater\/\"]}]},{\"@type\":\"BreadcrumbList\",\"@id\":\"http:\/\/journalcologne.hmkw.de\/eingeveedelt\/2019\/08\/02\/hinger-dr-britz-im-haenneschen-theater\/#breadcrumb\",\"itemListElement\":[{\"@type\":\"ListItem\",\"position\":1,\"item\":{\"@type\":\"WebPage\",\"@id\":\"http:\/\/journalcologne.hmkw.de\/eingeveedelt\/\",\"url\":\"http:\/\/journalcologne.hmkw.de\/eingeveedelt\/\",\"name\":\"Home\"}},{\"@type\":\"ListItem\",\"position\":2,\"item\":{\"@id\":\"http:\/\/journalcologne.hmkw.de\/eingeveedelt\/2019\/08\/02\/hinger-dr-britz-im-haenneschen-theater\/#webpage\"}}]},{\"@type\":\"Person\",\"@id\":\"http:\/\/journalcologne.hmkw.de\/eingeveedelt\/#\/schema\/person\/267559b1babd2dbd3217e7831234448b\",\"name\":\"Joana Bayer\",\"image\":{\"@type\":\"ImageObject\",\"@id\":\"http:\/\/journalcologne.hmkw.de\/eingeveedelt\/#personlogo\",\"inLanguage\":\"de\",\"url\":\"http:\/\/0.gravatar.com\/avatar\/04dcb8072414bfb7d0af032eeea74376?s=96&d=mm&r=g\",\"contentUrl\":\"http:\/\/0.gravatar.com\/avatar\/04dcb8072414bfb7d0af032eeea74376?s=96&d=mm&r=g\",\"caption\":\"Joana Bayer\"}}]}<\/script>\n<!-- \/ Yoast SEO plugin. -->","jetpack_featured_media_url":"http:\/\/journalcologne.hmkw.de\/eingeveedelt\/wp-content\/uploads\/sites\/139\/2019\/08\/DSC08913.jpg","_links":{"self":[{"href":"http:\/\/journalcologne.hmkw.de\/eingeveedelt\/wp-json\/wp\/v2\/posts\/1263"}],"collection":[{"href":"http:\/\/journalcologne.hmkw.de\/eingeveedelt\/wp-json\/wp\/v2\/posts"}],"about":[{"href":"http:\/\/journalcologne.hmkw.de\/eingeveedelt\/wp-json\/wp\/v2\/types\/post"}],"author":[{"embeddable":true,"href":"http:\/\/journalcologne.hmkw.de\/eingeveedelt\/wp-json\/wp\/v2\/users\/169"}],"replies":[{"embeddable":true,"href":"http:\/\/journalcologne.hmkw.de\/eingeveedelt\/wp-json\/wp\/v2\/comments?post=1263"}],"version-history":[{"count":5,"href":"http:\/\/journalcologne.hmkw.de\/eingeveedelt\/wp-json\/wp\/v2\/posts\/1263\/revisions"}],"predecessor-version":[{"id":1289,"href":"http:\/\/journalcologne.hmkw.de\/eingeveedelt\/wp-json\/wp\/v2\/posts\/1263\/revisions\/1289"}],"wp:featuredmedia":[{"embeddable":true,"href":"http:\/\/journalcologne.hmkw.de\/eingeveedelt\/wp-json\/wp\/v2\/media\/1275"}],"wp:attachment":[{"href":"http:\/\/journalcologne.hmkw.de\/eingeveedelt\/wp-json\/wp\/v2\/media?parent=1263"}],"wp:term":[{"taxonomy":"category","embeddable":true,"href":"http:\/\/journalcologne.hmkw.de\/eingeveedelt\/wp-json\/wp\/v2\/categories?post=1263"},{"taxonomy":"post_tag","embeddable":true,"href":"http:\/\/journalcologne.hmkw.de\/eingeveedelt\/wp-json\/wp\/v2\/tags?post=1263"}],"curies":[{"name":"wp","href":"https:\/\/api.w.org\/{rel}","templated":true}]}}