{"id":324,"date":"2018-07-17T11:29:05","date_gmt":"2018-07-17T09:29:05","guid":{"rendered":"http:\/\/journalcologne.hmkw.de\/eingeveedelt\/?p=324"},"modified":"2019-01-25T15:41:48","modified_gmt":"2019-01-25T14:41:48","slug":"324","status":"publish","type":"post","link":"http:\/\/journalcologne.hmkw.de\/eingeveedelt\/2018\/07\/17\/324\/","title":{"rendered":"Veedels-Check"},"content":{"rendered":"<p>Wo wohnst du in K\u00f6ln und welches Veedel ist am besten?&nbsp; Ehrenfeld, S\u00fclz oder doch Zollstock? Wir haben euch gefragt, wo K\u00f6ln am lebenswertesten ist.<!--more--><\/p>\n<p><iframe loading=\"lazy\" width=\"474\" height=\"400\" scrolling=\"no\" frameborder=\"no\" src=\"https:\/\/w.soundcloud.com\/player\/?visual=true&#038;url=https%3A%2F%2Fapi.soundcloud.com%2Ftracks%2F472761066&#038;show_artwork=true&#038;maxwidth=474&#038;maxheight=711&#038;dnt=1&#038;=&#038;nbsp%3B=\"><\/iframe><\/p>\n","protected":false},"excerpt":{"rendered":"<p>Wo wohnst du in K\u00f6ln und welches Veedel ist am besten?&nbsp; Ehrenfeld, S\u00fclz oder doch Zollstock? Wir haben euch gefragt, wo K\u00f6ln am lebenswertesten ist.<\/p>\n","protected":false},"author":156,"featured_media":360,"comment_status":"open","ping_status":"open","sticky":false,"template":"","format":"standard","meta":{"ngg_post_thumbnail":0,"spay_email":""},"categories":[4],"tags":[99,14,121,101],"yoast_head":"<!-- This site is optimized with the Yoast SEO plugin v16.2 - https:\/\/yoast.com\/wordpress\/plugins\/seo\/ -->\n<meta name=\"robots\" content=\"index, follow, max-snippet:-1, max-image-preview:large, max-video-preview:-1\" \/>\n<link rel=\"canonical\" href=\"http:\/\/journalcologne.hmkw.de\/eingeveedelt\/2018\/07\/17\/324\/\" \/>\n<meta property=\"og:locale\" content=\"de_DE\" \/>\n<meta property=\"og:type\" content=\"article\" \/>\n<meta property=\"og:title\" content=\"Veedels-Check - eingeVeedelt\" \/>\n<meta property=\"og:description\" content=\"Wo wohnst du in K\u00f6ln und welches Veedel ist am besten?&nbsp; Ehrenfeld, S\u00fclz oder doch Zollstock? Wir haben euch gefragt, wo K\u00f6ln am lebenswertesten ist.\" \/>\n<meta property=\"og:url\" content=\"http:\/\/journalcologne.hmkw.de\/eingeveedelt\/2018\/07\/17\/324\/\" \/>\n<meta property=\"og:site_name\" content=\"eingeVeedelt\" \/>\n<meta property=\"article:published_time\" content=\"2018-07-17T09:29:05+00:00\" \/>\n<meta property=\"article:modified_time\" content=\"2019-01-25T14:41:48+00:00\" \/>\n<meta property=\"og:image\" content=\"http:\/\/journalcologne.hmkw.de\/eingeveedelt\/wp-content\/uploads\/sites\/139\/2018\/07\/871px-K\u00f6ln-Innenstadt-S\u00fcdh\u00e4lfte.jpg\" \/>\n\t<meta property=\"og:image:width\" content=\"871\" \/>\n\t<meta property=\"og:image:height\" content=\"768\" \/>\n<meta name=\"twitter:card\" content=\"summary\" \/>\n<script type=\"application\/ld+json\" class=\"yoast-schema-graph\">{\"@context\":\"https:\/\/schema.org\",\"@graph\":[{\"@type\":\"WebSite\",\"@id\":\"http:\/\/journalcologne.hmkw.de\/eingeveedelt\/#website\",\"url\":\"http:\/\/journalcologne.hmkw.de\/eingeveedelt\/\",\"name\":\"eingeVeedelt\",\"description\":\"Journalistischer Blog \\u00fcber die Veedel von K\\u00f6ln\",\"potentialAction\":[{\"@type\":\"SearchAction\",\"target\":\"http:\/\/journalcologne.hmkw.de\/eingeveedelt\/?s={search_term_string}\",\"query-input\":\"required name=search_term_string\"}],\"inLanguage\":\"de\"},{\"@type\":\"ImageObject\",\"@id\":\"http:\/\/journalcologne.hmkw.de\/eingeveedelt\/2018\/07\/17\/324\/#primaryimage\",\"inLanguage\":\"de\",\"url\":\"http:\/\/journalcologne.hmkw.de\/eingeveedelt\/wp-content\/uploads\/sites\/139\/2018\/07\/871px-K\\u00f6ln-Innenstadt-S\\u00fcdh\\u00e4lfte.jpg\",\"contentUrl\":\"http:\/\/journalcologne.hmkw.de\/eingeveedelt\/wp-content\/uploads\/sites\/139\/2018\/07\/871px-K\\u00f6ln-Innenstadt-S\\u00fcdh\\u00e4lfte.jpg\",\"width\":871,\"height\":768,\"caption\":\"(Foto: Wikimedia)\"},{\"@type\":\"WebPage\",\"@id\":\"http:\/\/journalcologne.hmkw.de\/eingeveedelt\/2018\/07\/17\/324\/#webpage\",\"url\":\"http:\/\/journalcologne.hmkw.de\/eingeveedelt\/2018\/07\/17\/324\/\",\"name\":\"Veedels-Check - eingeVeedelt\",\"isPartOf\":{\"@id\":\"http:\/\/journalcologne.hmkw.de\/eingeveedelt\/#website\"},\"primaryImageOfPage\":{\"@id\":\"http:\/\/journalcologne.hmkw.de\/eingeveedelt\/2018\/07\/17\/324\/#primaryimage\"},\"datePublished\":\"2018-07-17T09:29:05+00:00\",\"dateModified\":\"2019-01-25T14:41:48+00:00\",\"author\":{\"@id\":\"http:\/\/journalcologne.hmkw.de\/eingeveedelt\/#\/schema\/person\/c24a8f4ce681710ba9693b15efc77c5e\"},\"breadcrumb\":{\"@id\":\"http:\/\/journalcologne.hmkw.de\/eingeveedelt\/2018\/07\/17\/324\/#breadcrumb\"},\"inLanguage\":\"de\",\"potentialAction\":[{\"@type\":\"ReadAction\",\"target\":[\"http:\/\/journalcologne.hmkw.de\/eingeveedelt\/2018\/07\/17\/324\/\"]}]},{\"@type\":\"BreadcrumbList\",\"@id\":\"http:\/\/journalcologne.hmkw.de\/eingeveedelt\/2018\/07\/17\/324\/#breadcrumb\",\"itemListElement\":[{\"@type\":\"ListItem\",\"position\":1,\"item\":{\"@type\":\"WebPage\",\"@id\":\"http:\/\/journalcologne.hmkw.de\/eingeveedelt\/\",\"url\":\"http:\/\/journalcologne.hmkw.de\/eingeveedelt\/\",\"name\":\"Home\"}},{\"@type\":\"ListItem\",\"position\":2,\"item\":{\"@id\":\"http:\/\/journalcologne.hmkw.de\/eingeveedelt\/2018\/07\/17\/324\/#webpage\"}}]},{\"@type\":\"Person\",\"@id\":\"http:\/\/journalcologne.hmkw.de\/eingeveedelt\/#\/schema\/person\/c24a8f4ce681710ba9693b15efc77c5e\",\"name\":\"Lena Lachnit\",\"image\":{\"@type\":\"ImageObject\",\"@id\":\"http:\/\/journalcologne.hmkw.de\/eingeveedelt\/#personlogo\",\"inLanguage\":\"de\",\"url\":\"http:\/\/2.gravatar.com\/avatar\/be0fcc0b83f05a8be0fefc41e6821ed7?s=96&d=mm&r=g\",\"contentUrl\":\"http:\/\/2.gravatar.com\/avatar\/be0fcc0b83f05a8be0fefc41e6821ed7?s=96&d=mm&r=g\",\"caption\":\"Lena Lachnit\"}}]}<\/script>\n<!-- \/ Yoast SEO plugin. -->","jetpack_featured_media_url":"http:\/\/journalcologne.hmkw.de\/eingeveedelt\/wp-content\/uploads\/sites\/139\/2018\/07\/871px-K\u00f6ln-Innenstadt-S\u00fcdh\u00e4lfte.jpg","_links":{"self":[{"href":"http:\/\/journalcologne.hmkw.de\/eingeveedelt\/wp-json\/wp\/v2\/posts\/324"}],"collection":[{"href":"http:\/\/journalcologne.hmkw.de\/eingeveedelt\/wp-json\/wp\/v2\/posts"}],"about":[{"href":"http:\/\/journalcologne.hmkw.de\/eingeveedelt\/wp-json\/wp\/v2\/types\/post"}],"author":[{"embeddable":true,"href":"http:\/\/journalcologne.hmkw.de\/eingeveedelt\/wp-json\/wp\/v2\/users\/156"}],"replies":[{"embeddable":true,"href":"http:\/\/journalcologne.hmkw.de\/eingeveedelt\/wp-json\/wp\/v2\/comments?post=324"}],"version-history":[{"count":8,"href":"http:\/\/journalcologne.hmkw.de\/eingeveedelt\/wp-json\/wp\/v2\/posts\/324\/revisions"}],"predecessor-version":[{"id":548,"href":"http:\/\/journalcologne.hmkw.de\/eingeveedelt\/wp-json\/wp\/v2\/posts\/324\/revisions\/548"}],"wp:featuredmedia":[{"embeddable":true,"href":"http:\/\/journalcologne.hmkw.de\/eingeveedelt\/wp-json\/wp\/v2\/media\/360"}],"wp:attachment":[{"href":"http:\/\/journalcologne.hmkw.de\/eingeveedelt\/wp-json\/wp\/v2\/media?parent=324"}],"wp:term":[{"taxonomy":"category","embeddable":true,"href":"http:\/\/journalcologne.hmkw.de\/eingeveedelt\/wp-json\/wp\/v2\/categories?post=324"},{"taxonomy":"post_tag","embeddable":true,"href":"http:\/\/journalcologne.hmkw.de\/eingeveedelt\/wp-json\/wp\/v2\/tags?post=324"}],"curies":[{"name":"wp","href":"https:\/\/api.w.org\/{rel}","templated":true}]}}