{"id":335,"date":"2018-09-01T13:28:34","date_gmt":"2018-09-01T11:28:34","guid":{"rendered":"http:\/\/journalcologne.hmkw.de\/eingeveedelt\/?p=335"},"modified":"2019-01-11T15:11:42","modified_gmt":"2019-01-11T14:11:42","slug":"wohnungsjagd-koeln","status":"publish","type":"post","link":"http:\/\/journalcologne.hmkw.de\/eingeveedelt\/2018\/09\/01\/wohnungsjagd-koeln\/","title":{"rendered":"Wohnungsjagd in K\u00f6ln"},"content":{"rendered":"<p>Viele kennen es: die ewige Suche nach der richtigen Wohnung. Hat man sich erstmal durch die unz\u00e4hligen Anzeigen gequ\u00e4lt und einige Vermieter angerufen oder angeschrieben, stehen nach einigem Hin und Her endlich zahlreiche Massenbesichtigungstermine an. Eingereiht in gef\u00fchlt kilometerlange Besucherschlangen, hei\u00dft es dann, sich irgendwie gegen\u00fcber allen anderen Interessenten zu behaupten, um die lang ersehnte Wohnung zu bekommen. Manchmal hat man Gl\u00fcck und es klappt sofort \u2013 oder man hangelt sich von Zwischenmiete zu Zwischenmiete. Wir haben bei den K\u00f6lner Studierenden nachgefragt, wie sie an ihre Wohnung gekommen sind.<\/p>\n<p><iframe loading=\"lazy\" width=\"474\" height=\"400\" scrolling=\"no\" frameborder=\"no\" src=\"https:\/\/w.soundcloud.com\/player\/?visual=true&#038;url=https%3A%2F%2Fapi.soundcloud.com%2Ftracks%2F472758618&#038;show_artwork=true&#038;maxwidth=474&#038;maxheight=711&#038;dnt=1\"><\/iframe><\/p>\n<p>&nbsp;<\/p>\n","protected":false},"excerpt":{"rendered":"<p>Viele kennen es: die ewige Suche nach der richtigen Wohnung. Hat man sich erstmal durch die unz\u00e4hligen Anzeigen gequ\u00e4lt und einige Vermieter angerufen oder angeschrieben, stehen nach einigem Hin und Her endlich zahlreiche Massenbesichtigungstermine an. Eingereiht in gef\u00fchlt kilometerlange Besucherschlangen, hei\u00dft es dann, sich irgendwie gegen\u00fcber allen anderen Interessenten zu behaupten, um die lang ersehnte &hellip; <a href=\"http:\/\/journalcologne.hmkw.de\/eingeveedelt\/2018\/09\/01\/wohnungsjagd-koeln\/\" class=\"more-link\"><span class=\"screen-reader-text\">Wohnungsjagd in K\u00f6ln<\/span> weiterlesen <span class=\"meta-nav\">&rarr;<\/span><\/a><\/p>\n","protected":false},"author":156,"featured_media":0,"comment_status":"open","ping_status":"open","sticky":false,"template":"","format":"standard","meta":{"ngg_post_thumbnail":0,"spay_email":""},"categories":[4],"tags":[],"yoast_head":"<!-- This site is optimized with the Yoast SEO plugin v16.2 - https:\/\/yoast.com\/wordpress\/plugins\/seo\/ -->\n<meta name=\"robots\" content=\"index, follow, max-snippet:-1, max-image-preview:large, max-video-preview:-1\" \/>\n<link rel=\"canonical\" href=\"http:\/\/journalcologne.hmkw.de\/eingeveedelt\/2018\/09\/01\/wohnungsjagd-koeln\/\" \/>\n<meta property=\"og:locale\" content=\"de_DE\" \/>\n<meta property=\"og:type\" content=\"article\" \/>\n<meta property=\"og:title\" content=\"Wohnungsjagd in K\u00f6ln - eingeVeedelt\" \/>\n<meta property=\"og:description\" content=\"Viele kennen es: die ewige Suche nach der richtigen Wohnung. Hat man sich erstmal durch die unz\u00e4hligen Anzeigen gequ\u00e4lt und einige Vermieter angerufen oder angeschrieben, stehen nach einigem Hin und Her endlich zahlreiche Massenbesichtigungstermine an. Eingereiht in gef\u00fchlt kilometerlange Besucherschlangen, hei\u00dft es dann, sich irgendwie gegen\u00fcber allen anderen Interessenten zu behaupten, um die lang ersehnte &hellip; Wohnungsjagd in K\u00f6ln weiterlesen &rarr;\" \/>\n<meta property=\"og:url\" content=\"http:\/\/journalcologne.hmkw.de\/eingeveedelt\/2018\/09\/01\/wohnungsjagd-koeln\/\" \/>\n<meta property=\"og:site_name\" content=\"eingeVeedelt\" \/>\n<meta property=\"article:published_time\" content=\"2018-09-01T11:28:34+00:00\" \/>\n<meta property=\"article:modified_time\" content=\"2019-01-11T14:11:42+00:00\" \/>\n<meta name=\"twitter:card\" content=\"summary\" \/>\n<meta name=\"twitter:label1\" content=\"Gesch\u00e4tzte Lesezeit\">\n\t<meta name=\"twitter:data1\" content=\"1\u00a0Minute\">\n<script type=\"application\/ld+json\" class=\"yoast-schema-graph\">{\"@context\":\"https:\/\/schema.org\",\"@graph\":[{\"@type\":\"WebSite\",\"@id\":\"http:\/\/journalcologne.hmkw.de\/eingeveedelt\/#website\",\"url\":\"http:\/\/journalcologne.hmkw.de\/eingeveedelt\/\",\"name\":\"eingeVeedelt\",\"description\":\"Journalistischer Blog \\u00fcber die Veedel von K\\u00f6ln\",\"potentialAction\":[{\"@type\":\"SearchAction\",\"target\":\"http:\/\/journalcologne.hmkw.de\/eingeveedelt\/?s={search_term_string}\",\"query-input\":\"required name=search_term_string\"}],\"inLanguage\":\"de\"},{\"@type\":\"WebPage\",\"@id\":\"http:\/\/journalcologne.hmkw.de\/eingeveedelt\/2018\/09\/01\/wohnungsjagd-koeln\/#webpage\",\"url\":\"http:\/\/journalcologne.hmkw.de\/eingeveedelt\/2018\/09\/01\/wohnungsjagd-koeln\/\",\"name\":\"Wohnungsjagd in K\\u00f6ln - eingeVeedelt\",\"isPartOf\":{\"@id\":\"http:\/\/journalcologne.hmkw.de\/eingeveedelt\/#website\"},\"datePublished\":\"2018-09-01T11:28:34+00:00\",\"dateModified\":\"2019-01-11T14:11:42+00:00\",\"author\":{\"@id\":\"http:\/\/journalcologne.hmkw.de\/eingeveedelt\/#\/schema\/person\/c24a8f4ce681710ba9693b15efc77c5e\"},\"breadcrumb\":{\"@id\":\"http:\/\/journalcologne.hmkw.de\/eingeveedelt\/2018\/09\/01\/wohnungsjagd-koeln\/#breadcrumb\"},\"inLanguage\":\"de\",\"potentialAction\":[{\"@type\":\"ReadAction\",\"target\":[\"http:\/\/journalcologne.hmkw.de\/eingeveedelt\/2018\/09\/01\/wohnungsjagd-koeln\/\"]}]},{\"@type\":\"BreadcrumbList\",\"@id\":\"http:\/\/journalcologne.hmkw.de\/eingeveedelt\/2018\/09\/01\/wohnungsjagd-koeln\/#breadcrumb\",\"itemListElement\":[{\"@type\":\"ListItem\",\"position\":1,\"item\":{\"@type\":\"WebPage\",\"@id\":\"http:\/\/journalcologne.hmkw.de\/eingeveedelt\/\",\"url\":\"http:\/\/journalcologne.hmkw.de\/eingeveedelt\/\",\"name\":\"Home\"}},{\"@type\":\"ListItem\",\"position\":2,\"item\":{\"@id\":\"http:\/\/journalcologne.hmkw.de\/eingeveedelt\/2018\/09\/01\/wohnungsjagd-koeln\/#webpage\"}}]},{\"@type\":\"Person\",\"@id\":\"http:\/\/journalcologne.hmkw.de\/eingeveedelt\/#\/schema\/person\/c24a8f4ce681710ba9693b15efc77c5e\",\"name\":\"Lena Lachnit\",\"image\":{\"@type\":\"ImageObject\",\"@id\":\"http:\/\/journalcologne.hmkw.de\/eingeveedelt\/#personlogo\",\"inLanguage\":\"de\",\"url\":\"http:\/\/2.gravatar.com\/avatar\/be0fcc0b83f05a8be0fefc41e6821ed7?s=96&d=mm&r=g\",\"contentUrl\":\"http:\/\/2.gravatar.com\/avatar\/be0fcc0b83f05a8be0fefc41e6821ed7?s=96&d=mm&r=g\",\"caption\":\"Lena Lachnit\"}}]}<\/script>\n<!-- \/ Yoast SEO plugin. -->","jetpack_featured_media_url":"","_links":{"self":[{"href":"http:\/\/journalcologne.hmkw.de\/eingeveedelt\/wp-json\/wp\/v2\/posts\/335"}],"collection":[{"href":"http:\/\/journalcologne.hmkw.de\/eingeveedelt\/wp-json\/wp\/v2\/posts"}],"about":[{"href":"http:\/\/journalcologne.hmkw.de\/eingeveedelt\/wp-json\/wp\/v2\/types\/post"}],"author":[{"embeddable":true,"href":"http:\/\/journalcologne.hmkw.de\/eingeveedelt\/wp-json\/wp\/v2\/users\/156"}],"replies":[{"embeddable":true,"href":"http:\/\/journalcologne.hmkw.de\/eingeveedelt\/wp-json\/wp\/v2\/comments?post=335"}],"version-history":[{"count":9,"href":"http:\/\/journalcologne.hmkw.de\/eingeveedelt\/wp-json\/wp\/v2\/posts\/335\/revisions"}],"predecessor-version":[{"id":653,"href":"http:\/\/journalcologne.hmkw.de\/eingeveedelt\/wp-json\/wp\/v2\/posts\/335\/revisions\/653"}],"wp:attachment":[{"href":"http:\/\/journalcologne.hmkw.de\/eingeveedelt\/wp-json\/wp\/v2\/media?parent=335"}],"wp:term":[{"taxonomy":"category","embeddable":true,"href":"http:\/\/journalcologne.hmkw.de\/eingeveedelt\/wp-json\/wp\/v2\/categories?post=335"},{"taxonomy":"post_tag","embeddable":true,"href":"http:\/\/journalcologne.hmkw.de\/eingeveedelt\/wp-json\/wp\/v2\/tags?post=335"}],"curies":[{"name":"wp","href":"https:\/\/api.w.org\/{rel}","templated":true}]}}