{"id":343,"date":"2019-01-10T13:27:33","date_gmt":"2019-01-10T12:27:33","guid":{"rendered":"http:\/\/journalcologne.hmkw.de\/eingeveedelt\/?p=343"},"modified":"2019-01-25T15:45:13","modified_gmt":"2019-01-25T14:45:13","slug":"instagram-trend-flakes-corner","status":"publish","type":"post","link":"http:\/\/journalcologne.hmkw.de\/eingeveedelt\/2019\/01\/10\/instagram-trend-flakes-corner\/","title":{"rendered":"Instagram-Trend: Flakes-Corner"},"content":{"rendered":"<p>Die K\u00f6lner S\u00fcdstadt ist bekannt f\u00fcr ihre ungew\u00f6hnlichen L\u00e4den, ausgeflippten Menschen und die Kurkuma-Latte-Mamis. Neben dem &#8222;Poldi-D\u00f6ner&#8220; und der &#8222;Fetten Kuh&#8220; gibt es aber noch eine Besonderheit, die die S\u00fcdstadt einzigartig macht. Das Caf\u00e9 &#8222;Flakes Corner&#8220; auf der Bonner Stra\u00dfe l\u00e4sst Cerealien-Herzen h\u00f6her schlagen. Dort findet man M\u00fcsli und Cornflakes aus der ganzen Welt, die man sich ideal als Snack zwischendurch zusammenmixen kann.<\/p>\n<p>Wer auf M\u00fcsli, Cerealien und Co. steht und es gerne bunt mag, &nbsp;ist dort genau richtig. Wir haben den gehypten Laden in der K\u00f6lner S\u00fcdstadt getestet!<\/p>\n<p><iframe loading=\"lazy\" width=\"474\" height=\"400\" scrolling=\"no\" frameborder=\"no\" src=\"https:\/\/w.soundcloud.com\/player\/?visual=true&#038;url=https%3A%2F%2Fapi.soundcloud.com%2Ftracks%2F472754886&#038;show_artwork=true&#038;maxwidth=474&#038;maxheight=711&#038;dnt=1\"><\/iframe><\/p>\n<p>[tribulant_slideshow gallery_id=&#8220;3&#8243;]<\/p>\n","protected":false},"excerpt":{"rendered":"<p>Die K\u00f6lner S\u00fcdstadt ist bekannt f\u00fcr ihre ungew\u00f6hnlichen L\u00e4den, ausgeflippten Menschen und die Kurkuma-Latte-Mamis. Neben dem &#8222;Poldi-D\u00f6ner&#8220; und der &#8222;Fetten Kuh&#8220; gibt es aber noch eine Besonderheit, die die S\u00fcdstadt einzigartig macht. Das Caf\u00e9 &#8222;Flakes Corner&#8220; auf der Bonner Stra\u00dfe l\u00e4sst Cerealien-Herzen h\u00f6her schlagen. Dort findet man M\u00fcsli und Cornflakes aus der ganzen Welt, die &hellip; <a href=\"http:\/\/journalcologne.hmkw.de\/eingeveedelt\/2019\/01\/10\/instagram-trend-flakes-corner\/\" class=\"more-link\"><span class=\"screen-reader-text\">Instagram-Trend: Flakes-Corner<\/span> weiterlesen <span class=\"meta-nav\">&rarr;<\/span><\/a><\/p>\n","protected":false},"author":156,"featured_media":0,"comment_status":"open","ping_status":"open","sticky":false,"template":"","format":"standard","meta":{"ngg_post_thumbnail":0,"spay_email":""},"categories":[5],"tags":[92,63,97,67,93,94,95,12,91,54,96],"yoast_head":"<!-- This site is optimized with the Yoast SEO plugin v16.2 - https:\/\/yoast.com\/wordpress\/plugins\/seo\/ -->\n<meta name=\"robots\" content=\"index, follow, max-snippet:-1, max-image-preview:large, max-video-preview:-1\" \/>\n<link rel=\"canonical\" href=\"http:\/\/journalcologne.hmkw.de\/eingeveedelt\/2019\/01\/10\/instagram-trend-flakes-corner\/\" \/>\n<meta property=\"og:locale\" content=\"de_DE\" \/>\n<meta property=\"og:type\" content=\"article\" \/>\n<meta property=\"og:title\" content=\"Instagram-Trend: Flakes-Corner - eingeVeedelt\" \/>\n<meta property=\"og:description\" content=\"Die K\u00f6lner S\u00fcdstadt ist bekannt f\u00fcr ihre ungew\u00f6hnlichen L\u00e4den, ausgeflippten Menschen und die Kurkuma-Latte-Mamis. Neben dem &#8222;Poldi-D\u00f6ner&#8220; und der &#8222;Fetten Kuh&#8220; gibt es aber noch eine Besonderheit, die die S\u00fcdstadt einzigartig macht. Das Caf\u00e9 &#8222;Flakes Corner&#8220; auf der Bonner Stra\u00dfe l\u00e4sst Cerealien-Herzen h\u00f6her schlagen. Dort findet man M\u00fcsli und Cornflakes aus der ganzen Welt, die &hellip; Instagram-Trend: Flakes-Corner weiterlesen &rarr;\" \/>\n<meta property=\"og:url\" content=\"http:\/\/journalcologne.hmkw.de\/eingeveedelt\/2019\/01\/10\/instagram-trend-flakes-corner\/\" \/>\n<meta property=\"og:site_name\" content=\"eingeVeedelt\" \/>\n<meta property=\"article:published_time\" content=\"2019-01-10T12:27:33+00:00\" \/>\n<meta property=\"article:modified_time\" content=\"2019-01-25T14:45:13+00:00\" \/>\n<meta name=\"twitter:card\" content=\"summary\" \/>\n<meta name=\"twitter:label1\" content=\"Gesch\u00e4tzte Lesezeit\">\n\t<meta name=\"twitter:data1\" content=\"1\u00a0Minute\">\n<script type=\"application\/ld+json\" class=\"yoast-schema-graph\">{\"@context\":\"https:\/\/schema.org\",\"@graph\":[{\"@type\":\"WebSite\",\"@id\":\"http:\/\/journalcologne.hmkw.de\/eingeveedelt\/#website\",\"url\":\"http:\/\/journalcologne.hmkw.de\/eingeveedelt\/\",\"name\":\"eingeVeedelt\",\"description\":\"Journalistischer Blog \\u00fcber die Veedel von K\\u00f6ln\",\"potentialAction\":[{\"@type\":\"SearchAction\",\"target\":\"http:\/\/journalcologne.hmkw.de\/eingeveedelt\/?s={search_term_string}\",\"query-input\":\"required name=search_term_string\"}],\"inLanguage\":\"de\"},{\"@type\":\"WebPage\",\"@id\":\"http:\/\/journalcologne.hmkw.de\/eingeveedelt\/2019\/01\/10\/instagram-trend-flakes-corner\/#webpage\",\"url\":\"http:\/\/journalcologne.hmkw.de\/eingeveedelt\/2019\/01\/10\/instagram-trend-flakes-corner\/\",\"name\":\"Instagram-Trend: Flakes-Corner - eingeVeedelt\",\"isPartOf\":{\"@id\":\"http:\/\/journalcologne.hmkw.de\/eingeveedelt\/#website\"},\"datePublished\":\"2019-01-10T12:27:33+00:00\",\"dateModified\":\"2019-01-25T14:45:13+00:00\",\"author\":{\"@id\":\"http:\/\/journalcologne.hmkw.de\/eingeveedelt\/#\/schema\/person\/c24a8f4ce681710ba9693b15efc77c5e\"},\"breadcrumb\":{\"@id\":\"http:\/\/journalcologne.hmkw.de\/eingeveedelt\/2019\/01\/10\/instagram-trend-flakes-corner\/#breadcrumb\"},\"inLanguage\":\"de\",\"potentialAction\":[{\"@type\":\"ReadAction\",\"target\":[\"http:\/\/journalcologne.hmkw.de\/eingeveedelt\/2019\/01\/10\/instagram-trend-flakes-corner\/\"]}]},{\"@type\":\"BreadcrumbList\",\"@id\":\"http:\/\/journalcologne.hmkw.de\/eingeveedelt\/2019\/01\/10\/instagram-trend-flakes-corner\/#breadcrumb\",\"itemListElement\":[{\"@type\":\"ListItem\",\"position\":1,\"item\":{\"@type\":\"WebPage\",\"@id\":\"http:\/\/journalcologne.hmkw.de\/eingeveedelt\/\",\"url\":\"http:\/\/journalcologne.hmkw.de\/eingeveedelt\/\",\"name\":\"Home\"}},{\"@type\":\"ListItem\",\"position\":2,\"item\":{\"@id\":\"http:\/\/journalcologne.hmkw.de\/eingeveedelt\/2019\/01\/10\/instagram-trend-flakes-corner\/#webpage\"}}]},{\"@type\":\"Person\",\"@id\":\"http:\/\/journalcologne.hmkw.de\/eingeveedelt\/#\/schema\/person\/c24a8f4ce681710ba9693b15efc77c5e\",\"name\":\"Lena Lachnit\",\"image\":{\"@type\":\"ImageObject\",\"@id\":\"http:\/\/journalcologne.hmkw.de\/eingeveedelt\/#personlogo\",\"inLanguage\":\"de\",\"url\":\"http:\/\/2.gravatar.com\/avatar\/be0fcc0b83f05a8be0fefc41e6821ed7?s=96&d=mm&r=g\",\"contentUrl\":\"http:\/\/2.gravatar.com\/avatar\/be0fcc0b83f05a8be0fefc41e6821ed7?s=96&d=mm&r=g\",\"caption\":\"Lena Lachnit\"}}]}<\/script>\n<!-- \/ Yoast SEO plugin. -->","jetpack_featured_media_url":"","_links":{"self":[{"href":"http:\/\/journalcologne.hmkw.de\/eingeveedelt\/wp-json\/wp\/v2\/posts\/343"}],"collection":[{"href":"http:\/\/journalcologne.hmkw.de\/eingeveedelt\/wp-json\/wp\/v2\/posts"}],"about":[{"href":"http:\/\/journalcologne.hmkw.de\/eingeveedelt\/wp-json\/wp\/v2\/types\/post"}],"author":[{"embeddable":true,"href":"http:\/\/journalcologne.hmkw.de\/eingeveedelt\/wp-json\/wp\/v2\/users\/156"}],"replies":[{"embeddable":true,"href":"http:\/\/journalcologne.hmkw.de\/eingeveedelt\/wp-json\/wp\/v2\/comments?post=343"}],"version-history":[{"count":7,"href":"http:\/\/journalcologne.hmkw.de\/eingeveedelt\/wp-json\/wp\/v2\/posts\/343\/revisions"}],"predecessor-version":[{"id":720,"href":"http:\/\/journalcologne.hmkw.de\/eingeveedelt\/wp-json\/wp\/v2\/posts\/343\/revisions\/720"}],"wp:attachment":[{"href":"http:\/\/journalcologne.hmkw.de\/eingeveedelt\/wp-json\/wp\/v2\/media?parent=343"}],"wp:term":[{"taxonomy":"category","embeddable":true,"href":"http:\/\/journalcologne.hmkw.de\/eingeveedelt\/wp-json\/wp\/v2\/categories?post=343"},{"taxonomy":"post_tag","embeddable":true,"href":"http:\/\/journalcologne.hmkw.de\/eingeveedelt\/wp-json\/wp\/v2\/tags?post=343"}],"curies":[{"name":"wp","href":"https:\/\/api.w.org\/{rel}","templated":true}]}}