{"id":42,"date":"2019-07-09T09:35:19","date_gmt":"2019-07-09T07:35:19","guid":{"rendered":"http:\/\/journalcologne.hmkw.de\/eingeveedelt\/?p=42"},"modified":"2019-07-09T11:02:01","modified_gmt":"2019-07-09T09:02:01","slug":"42","status":"publish","type":"post","link":"http:\/\/journalcologne.hmkw.de\/eingeveedelt\/2019\/07\/09\/42\/","title":{"rendered":"\u00dcber eingeVeedelt"},"content":{"rendered":"<p style=\"vertical-align: baseline; margin: 0cm 0cm 18.0pt 0cm;\"><span style=\"font-family: 'Arial',sans-serif; color: #2b2b2b;\">\u201eeingeVeedelt\u201c ist ein Projekt des Masterkurses \u201eKonvergenter Journalismus\u201c der Hochschule f\u00fcr Medien, Kommunikation und Wirtschaft in K\u00f6ln.<\/span><\/p>\n<p style=\"vertical-align: baseline; margin: 0cm 0cm 18.0pt 0cm;\"><span style=\"font-family: 'Arial',sans-serif; color: #2b2b2b;\">Ihr lebt in der selbsternannten \u201eJeckenhauptstadt\u201c und wollt wissen, wie ihr am besten eure Freizeit gestaltet? Was genau hinter den K\u00f6lschen Sagen und Mythen steckt? Ihr wollt beim Einkaufen auf unn\u00f6tigen Verpackungsm\u00fcll verzichten? Oder die kulinarischen Highlights der Domstadt testen?<\/span><\/p>\n<p style=\"vertical-align: baseline; margin: 0cm 0cm 18.0pt 0cm;\"><span style=\"font-family: 'Arial',sans-serif; color: #2b2b2b;\">Dann seid ihr bei \u201eeingeVeedelt\u201c genau richtig! Hier erfahrt ihr die spannendsten Infos und Geschichten rund um die Stadt am Rhein. Lasst euch in Mark Junglas gl\u00e4serne Metzgerei entf\u00fchren und begleitet \u201eThe good food\u201c zur Gem\u00fcseernte. Von der nachbarschaftlichen \u201ePasta-Party\u201c in der S\u00fcdstadt bis hin zur Schokoladenfabrik in Ehrenfeld \u2013 Wir haben auf unserer Entdeckungstour durch K\u00f6ln keinen Fleck unentdeckt gelassen. <\/span><\/p>\n","protected":false},"excerpt":{"rendered":"<p>\u201eeingeVeedelt\u201c ist ein Projekt des Masterkurses \u201eKonvergenter Journalismus\u201c der Hochschule f\u00fcr Medien, Kommunikation und Wirtschaft in K\u00f6ln. Ihr lebt in der selbsternannten \u201eJeckenhauptstadt\u201c und wollt wissen, wie ihr am besten eure Freizeit gestaltet? Was genau hinter den K\u00f6lschen Sagen und Mythen steckt? Ihr wollt beim Einkaufen auf unn\u00f6tigen Verpackungsm\u00fcll verzichten? Oder die kulinarischen Highlights der &hellip; <a href=\"http:\/\/journalcologne.hmkw.de\/eingeveedelt\/2019\/07\/09\/42\/\" class=\"more-link\"><span class=\"screen-reader-text\">\u00dcber eingeVeedelt<\/span> weiterlesen <span class=\"meta-nav\">&rarr;<\/span><\/a><\/p>\n","protected":false},"author":2,"featured_media":1093,"comment_status":"open","ping_status":"open","sticky":false,"template":"","format":"standard","meta":{"ngg_post_thumbnail":0,"spay_email":""},"categories":[8],"tags":[2],"yoast_head":"<!-- This site is optimized with the Yoast SEO plugin v16.2 - https:\/\/yoast.com\/wordpress\/plugins\/seo\/ -->\n<meta name=\"robots\" content=\"index, follow, max-snippet:-1, max-image-preview:large, max-video-preview:-1\" \/>\n<link rel=\"canonical\" href=\"http:\/\/journalcologne.hmkw.de\/eingeveedelt\/2019\/07\/09\/42\/\" \/>\n<meta property=\"og:locale\" content=\"de_DE\" \/>\n<meta property=\"og:type\" content=\"article\" \/>\n<meta property=\"og:title\" content=\"\u00dcber eingeVeedelt - eingeVeedelt\" \/>\n<meta property=\"og:description\" content=\"\u201eeingeVeedelt\u201c ist ein Projekt des Masterkurses \u201eKonvergenter Journalismus\u201c der Hochschule f\u00fcr Medien, Kommunikation und Wirtschaft in K\u00f6ln. Ihr lebt in der selbsternannten \u201eJeckenhauptstadt\u201c und wollt wissen, wie ihr am besten eure Freizeit gestaltet? Was genau hinter den K\u00f6lschen Sagen und Mythen steckt? Ihr wollt beim Einkaufen auf unn\u00f6tigen Verpackungsm\u00fcll verzichten? Oder die kulinarischen Highlights der &hellip; \u00dcber eingeVeedelt weiterlesen &rarr;\" \/>\n<meta property=\"og:url\" content=\"http:\/\/journalcologne.hmkw.de\/eingeveedelt\/2019\/07\/09\/42\/\" \/>\n<meta property=\"og:site_name\" content=\"eingeVeedelt\" \/>\n<meta property=\"article:published_time\" content=\"2019-07-09T07:35:19+00:00\" \/>\n<meta property=\"article:modified_time\" content=\"2019-07-09T09:02:01+00:00\" \/>\n<meta property=\"og:image\" content=\"http:\/\/journalcologne.hmkw.de\/eingeveedelt\/wp-content\/uploads\/sites\/139\/2019\/07\/einGeveedelt.002-1024x576.jpeg\" \/>\n\t<meta property=\"og:image:width\" content=\"1024\" \/>\n\t<meta property=\"og:image:height\" content=\"576\" \/>\n<meta name=\"twitter:card\" content=\"summary\" \/>\n<meta name=\"twitter:label1\" content=\"Gesch\u00e4tzte Lesezeit\">\n\t<meta name=\"twitter:data1\" content=\"1\u00a0Minute\">\n<script type=\"application\/ld+json\" class=\"yoast-schema-graph\">{\"@context\":\"https:\/\/schema.org\",\"@graph\":[{\"@type\":\"WebSite\",\"@id\":\"http:\/\/journalcologne.hmkw.de\/eingeveedelt\/#website\",\"url\":\"http:\/\/journalcologne.hmkw.de\/eingeveedelt\/\",\"name\":\"eingeVeedelt\",\"description\":\"Journalistischer Blog \\u00fcber die Veedel von K\\u00f6ln\",\"potentialAction\":[{\"@type\":\"SearchAction\",\"target\":\"http:\/\/journalcologne.hmkw.de\/eingeveedelt\/?s={search_term_string}\",\"query-input\":\"required name=search_term_string\"}],\"inLanguage\":\"de\"},{\"@type\":\"ImageObject\",\"@id\":\"http:\/\/journalcologne.hmkw.de\/eingeveedelt\/2019\/07\/09\/42\/#primaryimage\",\"inLanguage\":\"de\",\"url\":\"http:\/\/journalcologne.hmkw.de\/eingeveedelt\/wp-content\/uploads\/sites\/139\/2019\/07\/einGeveedelt.002.jpeg\",\"contentUrl\":\"http:\/\/journalcologne.hmkw.de\/eingeveedelt\/wp-content\/uploads\/sites\/139\/2019\/07\/einGeveedelt.002.jpeg\",\"width\":1920,\"height\":1080},{\"@type\":\"WebPage\",\"@id\":\"http:\/\/journalcologne.hmkw.de\/eingeveedelt\/2019\/07\/09\/42\/#webpage\",\"url\":\"http:\/\/journalcologne.hmkw.de\/eingeveedelt\/2019\/07\/09\/42\/\",\"name\":\"\\u00dcber eingeVeedelt - eingeVeedelt\",\"isPartOf\":{\"@id\":\"http:\/\/journalcologne.hmkw.de\/eingeveedelt\/#website\"},\"primaryImageOfPage\":{\"@id\":\"http:\/\/journalcologne.hmkw.de\/eingeveedelt\/2019\/07\/09\/42\/#primaryimage\"},\"datePublished\":\"2019-07-09T07:35:19+00:00\",\"dateModified\":\"2019-07-09T09:02:01+00:00\",\"author\":{\"@id\":\"http:\/\/journalcologne.hmkw.de\/eingeveedelt\/#\/schema\/person\/bb909b96dabcb90fb44aa991ffbc187f\"},\"breadcrumb\":{\"@id\":\"http:\/\/journalcologne.hmkw.de\/eingeveedelt\/2019\/07\/09\/42\/#breadcrumb\"},\"inLanguage\":\"de\",\"potentialAction\":[{\"@type\":\"ReadAction\",\"target\":[\"http:\/\/journalcologne.hmkw.de\/eingeveedelt\/2019\/07\/09\/42\/\"]}]},{\"@type\":\"BreadcrumbList\",\"@id\":\"http:\/\/journalcologne.hmkw.de\/eingeveedelt\/2019\/07\/09\/42\/#breadcrumb\",\"itemListElement\":[{\"@type\":\"ListItem\",\"position\":1,\"item\":{\"@type\":\"WebPage\",\"@id\":\"http:\/\/journalcologne.hmkw.de\/eingeveedelt\/\",\"url\":\"http:\/\/journalcologne.hmkw.de\/eingeveedelt\/\",\"name\":\"Home\"}},{\"@type\":\"ListItem\",\"position\":2,\"item\":{\"@id\":\"http:\/\/journalcologne.hmkw.de\/eingeveedelt\/2019\/07\/09\/42\/#webpage\"}}]},{\"@type\":\"Person\",\"@id\":\"http:\/\/journalcologne.hmkw.de\/eingeveedelt\/#\/schema\/person\/bb909b96dabcb90fb44aa991ffbc187f\",\"name\":\"Hektor Haark\\u00f6tter\",\"image\":{\"@type\":\"ImageObject\",\"@id\":\"http:\/\/journalcologne.hmkw.de\/eingeveedelt\/#personlogo\",\"inLanguage\":\"de\",\"url\":\"http:\/\/1.gravatar.com\/avatar\/d0b9dee87b7e7157456f9e251b3b4c92?s=96&d=mm&r=g\",\"contentUrl\":\"http:\/\/1.gravatar.com\/avatar\/d0b9dee87b7e7157456f9e251b3b4c92?s=96&d=mm&r=g\",\"caption\":\"Hektor Haark\\u00f6tter\"}}]}<\/script>\n<!-- \/ Yoast SEO plugin. -->","jetpack_featured_media_url":"http:\/\/journalcologne.hmkw.de\/eingeveedelt\/wp-content\/uploads\/sites\/139\/2019\/07\/einGeveedelt.002.jpeg","_links":{"self":[{"href":"http:\/\/journalcologne.hmkw.de\/eingeveedelt\/wp-json\/wp\/v2\/posts\/42"}],"collection":[{"href":"http:\/\/journalcologne.hmkw.de\/eingeveedelt\/wp-json\/wp\/v2\/posts"}],"about":[{"href":"http:\/\/journalcologne.hmkw.de\/eingeveedelt\/wp-json\/wp\/v2\/types\/post"}],"author":[{"embeddable":true,"href":"http:\/\/journalcologne.hmkw.de\/eingeveedelt\/wp-json\/wp\/v2\/users\/2"}],"replies":[{"embeddable":true,"href":"http:\/\/journalcologne.hmkw.de\/eingeveedelt\/wp-json\/wp\/v2\/comments?post=42"}],"version-history":[{"count":7,"href":"http:\/\/journalcologne.hmkw.de\/eingeveedelt\/wp-json\/wp\/v2\/posts\/42\/revisions"}],"predecessor-version":[{"id":1099,"href":"http:\/\/journalcologne.hmkw.de\/eingeveedelt\/wp-json\/wp\/v2\/posts\/42\/revisions\/1099"}],"wp:featuredmedia":[{"embeddable":true,"href":"http:\/\/journalcologne.hmkw.de\/eingeveedelt\/wp-json\/wp\/v2\/media\/1093"}],"wp:attachment":[{"href":"http:\/\/journalcologne.hmkw.de\/eingeveedelt\/wp-json\/wp\/v2\/media?parent=42"}],"wp:term":[{"taxonomy":"category","embeddable":true,"href":"http:\/\/journalcologne.hmkw.de\/eingeveedelt\/wp-json\/wp\/v2\/categories?post=42"},{"taxonomy":"post_tag","embeddable":true,"href":"http:\/\/journalcologne.hmkw.de\/eingeveedelt\/wp-json\/wp\/v2\/tags?post=42"}],"curies":[{"name":"wp","href":"https:\/\/api.w.org\/{rel}","templated":true}]}}