{"id":871,"date":"2019-07-10T09:38:17","date_gmt":"2019-07-10T07:38:17","guid":{"rendered":"http:\/\/journalcologne.hmkw.de\/eingeveedelt\/?p=871"},"modified":"2019-07-10T09:38:17","modified_gmt":"2019-07-10T07:38:17","slug":"comicstores-in-koeln-ein-kleines-stueck-populaerkultur","status":"publish","type":"post","link":"http:\/\/journalcologne.hmkw.de\/eingeveedelt\/2019\/07\/10\/comicstores-in-koeln-ein-kleines-stueck-populaerkultur\/","title":{"rendered":"Comicstores in K\u00f6ln: Ein kleines St\u00fcck Popul\u00e4rkultur"},"content":{"rendered":"<p><em>K\u00f6ln bietet vielen Szenen ein Zuhause, so auch der Comic-Szene. Doch nicht etwa in Form von gro\u00dfen Ketten wie \u201eElbenwald\u201c, \u201eGameStop\u201c oder \u201eZiNG\u201c, die sich auf den Verkauf von Merchandise spezialisiert haben. Viel mehr zieht es die eingefleischten Fans in die kleinen Comic-L\u00e4den, von denen es jedoch mittlerweile nicht mehr viele gibt. Einst waren es zehn, heute sind es nur noch drei. Ich habe den \u201eFantastic Store\u201c, den \u201ePIN-UP Comics &amp; mehr\u201c und den \u201eAlias Comics\u201c besucht, um mehr \u00fcber die letzten Comicstores K\u00f6lns herauszufinden.<\/em><\/p>\n<p><a href=\"http:\/\/journalcologne.hmkw.de\/eingeveedelt\/wp-content\/uploads\/sites\/139\/2019\/06\/Fantastic-Store_1.jpg\"><img loading=\"lazy\" class=\"alignnone wp-image-911\" src=\"http:\/\/journalcologne.hmkw.de\/eingeveedelt\/wp-content\/uploads\/sites\/139\/2019\/06\/Fantastic-Store_1-300x209.jpg\" alt=\"\" width=\"159\" height=\"111\" srcset=\"http:\/\/journalcologne.hmkw.de\/eingeveedelt\/wp-content\/uploads\/sites\/139\/2019\/06\/Fantastic-Store_1-300x209.jpg 300w, http:\/\/journalcologne.hmkw.de\/eingeveedelt\/wp-content\/uploads\/sites\/139\/2019\/06\/Fantastic-Store_1-768x534.jpg 768w, http:\/\/journalcologne.hmkw.de\/eingeveedelt\/wp-content\/uploads\/sites\/139\/2019\/06\/Fantastic-Store_1-1024x712.jpg 1024w\" sizes=\"(max-width: 159px) 100vw, 159px\" \/><\/a><a href=\"http:\/\/journalcologne.hmkw.de\/eingeveedelt\/wp-content\/uploads\/sites\/139\/2019\/06\/Fantastic-Store_2.jpg\"><img loading=\"lazy\" class=\"alignnone wp-image-912\" src=\"http:\/\/journalcologne.hmkw.de\/eingeveedelt\/wp-content\/uploads\/sites\/139\/2019\/06\/Fantastic-Store_2-300x224.jpg\" alt=\"\" width=\"134\" height=\"100\" srcset=\"http:\/\/journalcologne.hmkw.de\/eingeveedelt\/wp-content\/uploads\/sites\/139\/2019\/06\/Fantastic-Store_2-300x224.jpg 300w, http:\/\/journalcologne.hmkw.de\/eingeveedelt\/wp-content\/uploads\/sites\/139\/2019\/06\/Fantastic-Store_2-768x573.jpg 768w, http:\/\/journalcologne.hmkw.de\/eingeveedelt\/wp-content\/uploads\/sites\/139\/2019\/06\/Fantastic-Store_2-1024x764.jpg 1024w\" sizes=\"(max-width: 134px) 100vw, 134px\" \/><\/a><a href=\"http:\/\/journalcologne.hmkw.de\/eingeveedelt\/wp-content\/uploads\/sites\/139\/2019\/06\/Fantastic-Store_3.jpg\"><img loading=\"lazy\" class=\"alignnone wp-image-913\" src=\"http:\/\/journalcologne.hmkw.de\/eingeveedelt\/wp-content\/uploads\/sites\/139\/2019\/06\/Fantastic-Store_3-300x188.jpg\" alt=\"\" width=\"177\" height=\"111\" srcset=\"http:\/\/journalcologne.hmkw.de\/eingeveedelt\/wp-content\/uploads\/sites\/139\/2019\/06\/Fantastic-Store_3-300x188.jpg 300w, http:\/\/journalcologne.hmkw.de\/eingeveedelt\/wp-content\/uploads\/sites\/139\/2019\/06\/Fantastic-Store_3-768x482.jpg 768w, http:\/\/journalcologne.hmkw.de\/eingeveedelt\/wp-content\/uploads\/sites\/139\/2019\/06\/Fantastic-Store_3-1024x643.jpg 1024w\" sizes=\"(max-width: 177px) 100vw, 177px\" \/><\/a><\/p>\n<p>Meine Comicstore-Tour f\u00fchrt mich als erstes zum Chlodwigplatz. Direkt an der Bonner Stra\u00dfe sitzt der \u201eFantastic Store\u201c, der zum Comic-Museum \u201eC\u00f6ln Comic House\u201c geh\u00f6rt. Dank der roten Buchstaben im Fenster ist er kaum zu \u00fcbersehen. Ich betrete das ger\u00e4umige Ladenlokal, das optisch direkt mit seiner aufw\u00e4ndigen Aufmachung punktet. \u00dcberall sind Merchandise-Artikel und Comicb\u00fccher ansprechend drapiert. Hinter der Kasse steht Sebastian, mein Interviewpartner. Seine eisblauen Augen mustern mich aufmerksam unter der kakifarbenen Cap.<\/p>\n<p style=\"text-align: center\"><em>\u201eEs gibt Tage, da macht es Spa\u00df, und dann hast du Tage, da ist es ziemlich anstrengend.\u201c<\/em><\/p>\n<p>Sebastian ist Mitte drei\u00dfig und arbeitet seit ein paar Jahren als Teilzeitkraft im \u201eFantastic Store\u201c. Doch auch wenn er in seiner Freizeit durchaus gern Comics liest, so ist seine Arbeit f\u00fcr ihn lediglich ein Mittel zum Zweck, um seine Miete bezahlen zu k\u00f6nnen. \u201eEs ist ein Job wie jeder andere auch\u201c, sagt er. \u201eEs gibt Tage, da macht es Spa\u00df, und dann hast du Tage, da ist es ziemlich anstrengend.\u201c Ob es ein guter oder ein schlechter Tag wird, h\u00e4ngt seiner Meinung nach von den Kunden ab. Dem Einzelhandel geht es im Allgemeinen schlecht, doch angeblich ist das Comic-Business sogar noch st\u00e4rker von den negativen Auswirkungen der Digitalisierung betroffen. Er und sein Chef R\u00fcdiger sind einer Meinung: Die Printmedien sterben aus. Grund daf\u00fcr seien der verst\u00e4rkte Online-Handel und Ebooks. \u201eDie Leute sind nicht mehr dazu bereit, Geld zu bezahlen\u201c, sagt Sebastian. Seine Aussage deckt sich mit den Zahlen: Einst gab es zehn Comic-Stores in K\u00f6ln, heute sind es nur noch drei. In D\u00fcsseldorf sieht es \u00e4hnlich aus: Dort ist die Anzahl sogar von zehn auf eins geschrumpft. Auch der Hype um die Marvel-Filme f\u00f6rdert den Verkauf der Comicb\u00fccher nicht ausreichend, um die Branche zu retten, erz\u00e4hlt Sebastian: \u201eGro\u00dfe Filme wie `Avengers: Endgame\u00b4 pushen schon ein wenig, die anderen Filme eher weniger.\u201c Er sieht schwarz f\u00fcr die Zukunft der Comicl\u00e4den und glaubt, dass sie irgendwann von der Bildfl\u00e4che verschwinden werden.<\/p>\n<p><a href=\"http:\/\/journalcologne.hmkw.de\/eingeveedelt\/wp-content\/uploads\/sites\/139\/2019\/06\/PIN-UP_1.jpg\"><img loading=\"lazy\" class=\"alignnone wp-image-914\" src=\"http:\/\/journalcologne.hmkw.de\/eingeveedelt\/wp-content\/uploads\/sites\/139\/2019\/06\/PIN-UP_1-300x214.jpg\" alt=\"\" width=\"191\" height=\"136\" srcset=\"http:\/\/journalcologne.hmkw.de\/eingeveedelt\/wp-content\/uploads\/sites\/139\/2019\/06\/PIN-UP_1-300x214.jpg 300w, http:\/\/journalcologne.hmkw.de\/eingeveedelt\/wp-content\/uploads\/sites\/139\/2019\/06\/PIN-UP_1-768x548.jpg 768w, http:\/\/journalcologne.hmkw.de\/eingeveedelt\/wp-content\/uploads\/sites\/139\/2019\/06\/PIN-UP_1-1024x730.jpg 1024w\" sizes=\"(max-width: 191px) 100vw, 191px\" \/><\/a><a href=\"http:\/\/journalcologne.hmkw.de\/eingeveedelt\/wp-content\/uploads\/sites\/139\/2019\/06\/PIN-UP_2.jpg\"><img loading=\"lazy\" class=\"alignnone wp-image-915\" src=\"http:\/\/journalcologne.hmkw.de\/eingeveedelt\/wp-content\/uploads\/sites\/139\/2019\/06\/PIN-UP_2-300x259.jpg\" alt=\"\" width=\"130\" height=\"112\" srcset=\"http:\/\/journalcologne.hmkw.de\/eingeveedelt\/wp-content\/uploads\/sites\/139\/2019\/06\/PIN-UP_2-300x259.jpg 300w, http:\/\/journalcologne.hmkw.de\/eingeveedelt\/wp-content\/uploads\/sites\/139\/2019\/06\/PIN-UP_2-768x662.jpg 768w, http:\/\/journalcologne.hmkw.de\/eingeveedelt\/wp-content\/uploads\/sites\/139\/2019\/06\/PIN-UP_2-1024x883.jpg 1024w\" sizes=\"(max-width: 130px) 100vw, 130px\" \/><\/a><a href=\"http:\/\/journalcologne.hmkw.de\/eingeveedelt\/wp-content\/uploads\/sites\/139\/2019\/06\/PIN-UP_3.jpg\"><img loading=\"lazy\" class=\"alignnone wp-image-916\" src=\"http:\/\/journalcologne.hmkw.de\/eingeveedelt\/wp-content\/uploads\/sites\/139\/2019\/06\/PIN-UP_3-300x282.jpg\" alt=\"\" width=\"149\" height=\"140\" srcset=\"http:\/\/journalcologne.hmkw.de\/eingeveedelt\/wp-content\/uploads\/sites\/139\/2019\/06\/PIN-UP_3-300x282.jpg 300w, http:\/\/journalcologne.hmkw.de\/eingeveedelt\/wp-content\/uploads\/sites\/139\/2019\/06\/PIN-UP_3-768x721.jpg 768w, http:\/\/journalcologne.hmkw.de\/eingeveedelt\/wp-content\/uploads\/sites\/139\/2019\/06\/PIN-UP_3-1024x962.jpg 1024w\" sizes=\"(max-width: 149px) 100vw, 149px\" \/><\/a><\/p>\n<p>Mein n\u00e4chster Stopp f\u00fchrt mich zum Hansaring, wo in der Ritterstra\u00dfe der \u201ePIN-UP Comics &amp; mehr\u201c sitzt. Gro\u00dfe, blaue Lettern prangen \u00fcber dem Gesch\u00e4ft und weisen mir den Weg in das Ladeninnere, das dem \u201eFantastic Store\u201c in nichts nachsteht. Hier treffe ich den Verk\u00e4ufer Armin. Er steht in einer ruhigen Ecke des ger\u00e4umigen Ladens und r\u00fcckt nerv\u00f6s seine Brille zurecht.<\/p>\n<p style=\"text-align: center\"><em>\u201eWir k\u00f6nnen das kompensieren, weil wir so breit aufgestellt sind.\u201c<\/em><\/p>\n<p>Armin arbeitet seit fast zwanzig Jahren im \u201ePIN-UP Comics &amp; mehr\u201c, der Laden selbst existiert bereits seit f\u00fcnfunddrei\u00dfig Jahren. Er ist der \u00e4lteste Comicstore in K\u00f6ln und h\u00e4lt sich weiterhin wacker. Von deutschen und amerikanischen Comics, \u00fcber Manga und Merchandise, bis zu Schallplatten kann man hier alles kaufen, was das Herz begehrt. Der Schwerpunkt liegt dabei zwar immer noch auf den Comics, aber nicht ausschlie\u00dflich, was die Kunden offenbar zu sch\u00e4tzen wissen. Denn der \u201ePIN-UP Comics &amp; mehr\u201c bekommt angeblich gar nicht so viel von der schlechten Allgemeinsituation der Einzelhandelsbranche mit \u2013 ganz im Gegensatz zum \u201eFantastic Store\u201c. \u201eWir k\u00f6nnen das kompensieren, weil wir so breit aufgestellt sind\u201c, antwortet er mir, als ich nachhake. \u201eKlar merkt man auch die Internetsituation, das ist nat\u00fcrlich auch f\u00fcr uns ein Problem, aber damit k\u00f6nnen wir leben.\u201c Armins Angaben nach zu urteilen lebt der Laden haupts\u00e4chlich von seiner Stammkundschaft, die regelm\u00e4\u00dfig vorbeikommt, um Neuheiten abzugreifen. Abonnements und Laufkundschaft haben hingegen nicht so viel Einfluss auf das Tagesgesch\u00e4ft. Wie die Zukunft der Comicstores aussieht, kann er jedoch trotzdem nicht beurteilen. \u201eMan wei\u00df nicht, wie die Zukunft aussieht. Es kann nat\u00fcrlich auch irgendwann einmal uns treffen, aber momentan \u2013 klopf auf Holz \u2013 hat es uns noch nicht so getroffen.\u201c<\/p>\n<p><a href=\"http:\/\/journalcologne.hmkw.de\/eingeveedelt\/wp-content\/uploads\/sites\/139\/2019\/06\/Alias-Comics_1.jpg\"><img loading=\"lazy\" class=\"alignnone wp-image-907\" src=\"http:\/\/journalcologne.hmkw.de\/eingeveedelt\/wp-content\/uploads\/sites\/139\/2019\/06\/Alias-Comics_1-300x203.jpg\" alt=\"\" width=\"192\" height=\"130\" srcset=\"http:\/\/journalcologne.hmkw.de\/eingeveedelt\/wp-content\/uploads\/sites\/139\/2019\/06\/Alias-Comics_1-300x203.jpg 300w, http:\/\/journalcologne.hmkw.de\/eingeveedelt\/wp-content\/uploads\/sites\/139\/2019\/06\/Alias-Comics_1-768x519.jpg 768w, http:\/\/journalcologne.hmkw.de\/eingeveedelt\/wp-content\/uploads\/sites\/139\/2019\/06\/Alias-Comics_1-1024x692.jpg 1024w\" sizes=\"(max-width: 192px) 100vw, 192px\" \/><\/a><a href=\"http:\/\/journalcologne.hmkw.de\/eingeveedelt\/wp-content\/uploads\/sites\/139\/2019\/06\/Alias-Comics_2.jpg\"><img loading=\"lazy\" class=\"alignnone wp-image-908\" src=\"http:\/\/journalcologne.hmkw.de\/eingeveedelt\/wp-content\/uploads\/sites\/139\/2019\/06\/Alias-Comics_2-300x277.jpg\" alt=\"\" width=\"120\" height=\"111\" srcset=\"http:\/\/journalcologne.hmkw.de\/eingeveedelt\/wp-content\/uploads\/sites\/139\/2019\/06\/Alias-Comics_2-300x277.jpg 300w, http:\/\/journalcologne.hmkw.de\/eingeveedelt\/wp-content\/uploads\/sites\/139\/2019\/06\/Alias-Comics_2-768x708.jpg 768w, http:\/\/journalcologne.hmkw.de\/eingeveedelt\/wp-content\/uploads\/sites\/139\/2019\/06\/Alias-Comics_2-1024x944.jpg 1024w\" sizes=\"(max-width: 120px) 100vw, 120px\" \/><\/a><a href=\"http:\/\/journalcologne.hmkw.de\/eingeveedelt\/wp-content\/uploads\/sites\/139\/2019\/06\/Alias-Comics_3.jpg\"><img loading=\"lazy\" class=\"alignnone wp-image-910\" src=\"http:\/\/journalcologne.hmkw.de\/eingeveedelt\/wp-content\/uploads\/sites\/139\/2019\/06\/Alias-Comics_3-300x246.jpg\" alt=\"\" width=\"156\" height=\"128\" srcset=\"http:\/\/journalcologne.hmkw.de\/eingeveedelt\/wp-content\/uploads\/sites\/139\/2019\/06\/Alias-Comics_3-300x246.jpg 300w, http:\/\/journalcologne.hmkw.de\/eingeveedelt\/wp-content\/uploads\/sites\/139\/2019\/06\/Alias-Comics_3-768x631.jpg 768w, http:\/\/journalcologne.hmkw.de\/eingeveedelt\/wp-content\/uploads\/sites\/139\/2019\/06\/Alias-Comics_3-1024x841.jpg 1024w\" sizes=\"(max-width: 156px) 100vw, 156px\" \/><\/a><\/p>\n<p>Die letzte Station meiner Comicstore-Tour durch K\u00f6ln f\u00fchrt mich ins Agnesviertel, direkt zur Schillingstra\u00dfe, wo sich der \u201eAlias Comics\u201c versteckt. Im Gegensatz zu den anderen beiden Comicstores handelt es sich hierbei um ein kleines Ladenlokal, an dem ich sogar fast vorbeilaufe, weil es von au\u00dfen so unscheinbar wirkt. Im Schaufenster befinden sich nur Actionfiguren und keine Comicb\u00fccher. Der Name \u201eStarzone\u201c springt mir ins Auge, daneben steht \u201eAlias Comics\u201c in winzigen, wei\u00dfen Buchstaben. Unschl\u00fcssig betrete ich das Gesch\u00e4ft und erfahre schnell, dass sich zwei L\u00e4den in demselben Geb\u00e4uden befinden: Rechts ist \u201eStarzone\u201c \u2013 ein Einzelhandel f\u00fcr Liebhaber von Sammelkarten, Star Wars Sammlungen und \u00c4hnliches \u2013 und links der \u201eAlias Comics\u201c, dessen Inhaber Micha mich auch sogleich in Empfang nimmt. Er tr\u00e4gt ein Jackett und dazu einen Batman-G\u00fcrtel, was mich zum Schmunzeln bringt.<\/p>\n<p style=\"text-align: center\"><em>\u201eEs wird wieder mehr.\u201c<\/em><\/p>\n<p>Micha war zwanzig Jahre Kunde beim \u201eAlias Comics\u201c, ehe er die Stelle seines Vorg\u00e4ngers antrat\u2013 mittlerweile hat er den Laden \u00fcbernommen und f\u00fchrt ihn allein. Er ist verheiratet und hat eine zweij\u00e4hrige Tochter, doch das hat ihn Anfang des Jahres nicht davon abgehalten, sich den \u201eAlias Comics\u201c zu eigen zu machen. Er bereut seine Entscheidung nicht, auch wenn das Gesch\u00e4ft nicht immer einfach ist. \u201eSo eine Welle hat\u2019s gegeben, aber ich finde es momentan eher gegenteilig wieder ansteigend\u201c, bezieht er zu der aktuellen Lage der Comicbranche Stellung. \u201eAlso ich habe mehrere Kunden, die in den letzten ein bis zwei Jahren hinzugekommen sind, die richtig, richtig gro\u00dfe Mengen Comics kaufen. Und ich habe einige Kunden, die zwar nur ein bis zwei Hefte nehmen, aber davon habe ich sehr, sehr viele. Es wird wieder mehr.\u201c F\u00fcr ihn ist es wichtig, sich Zeit f\u00fcr die Kunden zu nehmen, denn der Gro\u00dfteil der Kunden des \u201eAlias Comics\u201c wollen nicht nur mal eben schnell ein Comicbuch kaufen \u2013 nein, sie wollen sich wohlf\u00fchlen, \u00fcber die Materie unterhalten und auch unterhalten werden. So geht es nicht einfach nur darum, Comics in die Regale zu stellen und auf Kundschaft zu warten. \u201eVom Katalog allein kommt nicht so viel Wachstum dazu, da muss man die Kunden schon gezielt ansprechen.\u201c Das ist Michas Geheimnis, wie er den von der Konkurrenz durchaus untersch\u00e4tzten \u201eAlias Comics\u201c \u00fcber Wasser h\u00e4lt.<\/p>\n<p>Drei Comicstores, drei unterschiedliche Geschichten. Wie die Zukunft der Branche aussieht, bleibt weiterhin ungewiss. Feststeht jedoch, dass die letzten drei Comicl\u00e4den K\u00f6lns nach wie vor als charmante Szenetreffs fungieren\u2013 ein kleines St\u00fcck Popul\u00e4rkultur.<\/p>\n<p>Alle Fotos: Melina Coniglio<\/p>\n","protected":false},"excerpt":{"rendered":"<p>K\u00f6ln bietet vielen Szenen ein Zuhause, so auch der Comic-Szene. Doch nicht etwa in Form von gro\u00dfen Ketten wie \u201eElbenwald\u201c, \u201eGameStop\u201c oder \u201eZiNG\u201c, die sich auf den Verkauf von Merchandise spezialisiert haben. Viel mehr zieht es die eingefleischten Fans in die kleinen Comic-L\u00e4den, von denen es jedoch mittlerweile nicht mehr viele gibt. Einst waren es &hellip; <a href=\"http:\/\/journalcologne.hmkw.de\/eingeveedelt\/2019\/07\/10\/comicstores-in-koeln-ein-kleines-stueck-populaerkultur\/\" class=\"more-link\"><span class=\"screen-reader-text\">Comicstores in K\u00f6ln: Ein kleines St\u00fcck Popul\u00e4rkultur<\/span> weiterlesen <span class=\"meta-nav\">&rarr;<\/span><\/a><\/p>\n","protected":false},"author":165,"featured_media":875,"comment_status":"open","ping_status":"open","sticky":false,"template":"","format":"standard","meta":{"ngg_post_thumbnail":0,"spay_email":""},"categories":[128],"tags":[],"yoast_head":"<!-- This site is optimized with the Yoast SEO plugin v16.2 - https:\/\/yoast.com\/wordpress\/plugins\/seo\/ -->\n<meta name=\"robots\" content=\"index, follow, max-snippet:-1, max-image-preview:large, max-video-preview:-1\" \/>\n<link rel=\"canonical\" href=\"http:\/\/journalcologne.hmkw.de\/eingeveedelt\/2019\/07\/10\/comicstores-in-koeln-ein-kleines-stueck-populaerkultur\/\" \/>\n<meta property=\"og:locale\" content=\"de_DE\" \/>\n<meta property=\"og:type\" content=\"article\" \/>\n<meta property=\"og:title\" content=\"Comicstores in K\u00f6ln: Ein kleines St\u00fcck Popul\u00e4rkultur - eingeVeedelt\" \/>\n<meta property=\"og:description\" content=\"K\u00f6ln bietet vielen Szenen ein Zuhause, so auch der Comic-Szene. Doch nicht etwa in Form von gro\u00dfen Ketten wie \u201eElbenwald\u201c, \u201eGameStop\u201c oder \u201eZiNG\u201c, die sich auf den Verkauf von Merchandise spezialisiert haben. Viel mehr zieht es die eingefleischten Fans in die kleinen Comic-L\u00e4den, von denen es jedoch mittlerweile nicht mehr viele gibt. Einst waren es &hellip; Comicstores in K\u00f6ln: Ein kleines St\u00fcck Popul\u00e4rkultur weiterlesen &rarr;\" \/>\n<meta property=\"og:url\" content=\"http:\/\/journalcologne.hmkw.de\/eingeveedelt\/2019\/07\/10\/comicstores-in-koeln-ein-kleines-stueck-populaerkultur\/\" \/>\n<meta property=\"og:site_name\" content=\"eingeVeedelt\" \/>\n<meta property=\"article:published_time\" content=\"2019-07-10T07:38:17+00:00\" \/>\n<meta property=\"og:image\" content=\"http:\/\/journalcologne.hmkw.de\/eingeveedelt\/wp-content\/uploads\/sites\/139\/2019\/06\/IMG_0267_1-1024x873.jpg\" \/>\n\t<meta property=\"og:image:width\" content=\"1024\" \/>\n\t<meta property=\"og:image:height\" content=\"873\" \/>\n<meta name=\"twitter:card\" content=\"summary\" \/>\n<meta name=\"twitter:label1\" content=\"Gesch\u00e4tzte Lesezeit\">\n\t<meta name=\"twitter:data1\" content=\"6\u00a0Minuten\">\n<script type=\"application\/ld+json\" class=\"yoast-schema-graph\">{\"@context\":\"https:\/\/schema.org\",\"@graph\":[{\"@type\":\"WebSite\",\"@id\":\"http:\/\/journalcologne.hmkw.de\/eingeveedelt\/#website\",\"url\":\"http:\/\/journalcologne.hmkw.de\/eingeveedelt\/\",\"name\":\"eingeVeedelt\",\"description\":\"Journalistischer Blog \\u00fcber die Veedel von K\\u00f6ln\",\"potentialAction\":[{\"@type\":\"SearchAction\",\"target\":\"http:\/\/journalcologne.hmkw.de\/eingeveedelt\/?s={search_term_string}\",\"query-input\":\"required name=search_term_string\"}],\"inLanguage\":\"de\"},{\"@type\":\"ImageObject\",\"@id\":\"http:\/\/journalcologne.hmkw.de\/eingeveedelt\/2019\/07\/10\/comicstores-in-koeln-ein-kleines-stueck-populaerkultur\/#primaryimage\",\"inLanguage\":\"de\",\"url\":\"http:\/\/journalcologne.hmkw.de\/eingeveedelt\/wp-content\/uploads\/sites\/139\/2019\/06\/IMG_0267_1.jpg\",\"contentUrl\":\"http:\/\/journalcologne.hmkw.de\/eingeveedelt\/wp-content\/uploads\/sites\/139\/2019\/06\/IMG_0267_1.jpg\",\"width\":4692,\"height\":3999},{\"@type\":\"WebPage\",\"@id\":\"http:\/\/journalcologne.hmkw.de\/eingeveedelt\/2019\/07\/10\/comicstores-in-koeln-ein-kleines-stueck-populaerkultur\/#webpage\",\"url\":\"http:\/\/journalcologne.hmkw.de\/eingeveedelt\/2019\/07\/10\/comicstores-in-koeln-ein-kleines-stueck-populaerkultur\/\",\"name\":\"Comicstores in K\\u00f6ln: Ein kleines St\\u00fcck Popul\\u00e4rkultur - eingeVeedelt\",\"isPartOf\":{\"@id\":\"http:\/\/journalcologne.hmkw.de\/eingeveedelt\/#website\"},\"primaryImageOfPage\":{\"@id\":\"http:\/\/journalcologne.hmkw.de\/eingeveedelt\/2019\/07\/10\/comicstores-in-koeln-ein-kleines-stueck-populaerkultur\/#primaryimage\"},\"datePublished\":\"2019-07-10T07:38:17+00:00\",\"dateModified\":\"2019-07-10T07:38:17+00:00\",\"author\":{\"@id\":\"http:\/\/journalcologne.hmkw.de\/eingeveedelt\/#\/schema\/person\/265fe37b5eb100f4d17fedaab9b6112b\"},\"breadcrumb\":{\"@id\":\"http:\/\/journalcologne.hmkw.de\/eingeveedelt\/2019\/07\/10\/comicstores-in-koeln-ein-kleines-stueck-populaerkultur\/#breadcrumb\"},\"inLanguage\":\"de\",\"potentialAction\":[{\"@type\":\"ReadAction\",\"target\":[\"http:\/\/journalcologne.hmkw.de\/eingeveedelt\/2019\/07\/10\/comicstores-in-koeln-ein-kleines-stueck-populaerkultur\/\"]}]},{\"@type\":\"BreadcrumbList\",\"@id\":\"http:\/\/journalcologne.hmkw.de\/eingeveedelt\/2019\/07\/10\/comicstores-in-koeln-ein-kleines-stueck-populaerkultur\/#breadcrumb\",\"itemListElement\":[{\"@type\":\"ListItem\",\"position\":1,\"item\":{\"@type\":\"WebPage\",\"@id\":\"http:\/\/journalcologne.hmkw.de\/eingeveedelt\/\",\"url\":\"http:\/\/journalcologne.hmkw.de\/eingeveedelt\/\",\"name\":\"Home\"}},{\"@type\":\"ListItem\",\"position\":2,\"item\":{\"@id\":\"http:\/\/journalcologne.hmkw.de\/eingeveedelt\/2019\/07\/10\/comicstores-in-koeln-ein-kleines-stueck-populaerkultur\/#webpage\"}}]},{\"@type\":\"Person\",\"@id\":\"http:\/\/journalcologne.hmkw.de\/eingeveedelt\/#\/schema\/person\/265fe37b5eb100f4d17fedaab9b6112b\",\"name\":\"melinaconiglio\",\"image\":{\"@type\":\"ImageObject\",\"@id\":\"http:\/\/journalcologne.hmkw.de\/eingeveedelt\/#personlogo\",\"inLanguage\":\"de\",\"url\":\"http:\/\/0.gravatar.com\/avatar\/0bdc2e99fcfcebead3c88a54a05fd175?s=96&d=mm&r=g\",\"contentUrl\":\"http:\/\/0.gravatar.com\/avatar\/0bdc2e99fcfcebead3c88a54a05fd175?s=96&d=mm&r=g\",\"caption\":\"melinaconiglio\"}}]}<\/script>\n<!-- \/ Yoast SEO plugin. -->","jetpack_featured_media_url":"http:\/\/journalcologne.hmkw.de\/eingeveedelt\/wp-content\/uploads\/sites\/139\/2019\/06\/IMG_0267_1.jpg","_links":{"self":[{"href":"http:\/\/journalcologne.hmkw.de\/eingeveedelt\/wp-json\/wp\/v2\/posts\/871"}],"collection":[{"href":"http:\/\/journalcologne.hmkw.de\/eingeveedelt\/wp-json\/wp\/v2\/posts"}],"about":[{"href":"http:\/\/journalcologne.hmkw.de\/eingeveedelt\/wp-json\/wp\/v2\/types\/post"}],"author":[{"embeddable":true,"href":"http:\/\/journalcologne.hmkw.de\/eingeveedelt\/wp-json\/wp\/v2\/users\/165"}],"replies":[{"embeddable":true,"href":"http:\/\/journalcologne.hmkw.de\/eingeveedelt\/wp-json\/wp\/v2\/comments?post=871"}],"version-history":[{"count":12,"href":"http:\/\/journalcologne.hmkw.de\/eingeveedelt\/wp-json\/wp\/v2\/posts\/871\/revisions"}],"predecessor-version":[{"id":961,"href":"http:\/\/journalcologne.hmkw.de\/eingeveedelt\/wp-json\/wp\/v2\/posts\/871\/revisions\/961"}],"wp:featuredmedia":[{"embeddable":true,"href":"http:\/\/journalcologne.hmkw.de\/eingeveedelt\/wp-json\/wp\/v2\/media\/875"}],"wp:attachment":[{"href":"http:\/\/journalcologne.hmkw.de\/eingeveedelt\/wp-json\/wp\/v2\/media?parent=871"}],"wp:term":[{"taxonomy":"category","embeddable":true,"href":"http:\/\/journalcologne.hmkw.de\/eingeveedelt\/wp-json\/wp\/v2\/categories?post=871"},{"taxonomy":"post_tag","embeddable":true,"href":"http:\/\/journalcologne.hmkw.de\/eingeveedelt\/wp-json\/wp\/v2\/tags?post=871"}],"curies":[{"name":"wp","href":"https:\/\/api.w.org\/{rel}","templated":true}]}}