{"id":122,"date":"2015-04-15T20:58:32","date_gmt":"2015-04-15T18:58:32","guid":{"rendered":"http:\/\/journalcologne.hmkw.de\/kunstundkoeln\/?p=122"},"modified":"2015-04-16T12:06:39","modified_gmt":"2015-04-16T10:06:39","slug":"ueber-unpraktische-kunstwerke","status":"publish","type":"post","link":"http:\/\/journalcologne.hmkw.de\/kunstundkoeln\/2015\/04\/15\/ueber-unpraktische-kunstwerke\/","title":{"rendered":"\u00dcber \u201eunpraktische\u201c Kunstwerke"},"content":{"rendered":"<p>Auf der Art Cologne gibt es unz\u00e4hlige Arten und Formen von Kunstwerken und Skulpturen. Eben so unterschiedlich sind auch die Preise, die f\u00fcr diese Kunstwerke aufgerufen werden \u2013 einige davon liegen sogar im einstelligen Millionenbereich.<\/p>\n<p>Doch diese teuren St\u00fccke sind nicht gleich besonders dekorativ oder auch \u00e4sthetisch. Einige Kunstwerke sind sogar regelrecht \u201eunpraktisch\u201c. Die gr\u00f6\u00dften Skulpturen auf der Art Cologne k\u00f6nnten niemals in einem normalen Wohnhaus untergebracht werden \u2013 wenn man es \u00fcberhaupt schafft, diese in das Haus zu bekommen.<\/p>\n<p><a href=\"https:\/\/i1.wp.com\/journalcologne.hmkw.de\/kunstundkoeln\/wp-content\/uploads\/sites\/21\/2015\/04\/image1.jpeg\"><img data-attachment-id=\"124\" data-permalink=\"http:\/\/journalcologne.hmkw.de\/kunstundkoeln\/2015\/04\/15\/ueber-unpraktische-kunstwerke\/image1\/\" data-orig-file=\"https:\/\/i1.wp.com\/journalcologne.hmkw.de\/kunstundkoeln\/wp-content\/uploads\/sites\/21\/2015\/04\/image1.jpeg?fit=640%2C293\" data-orig-size=\"640,293\" data-comments-opened=\"1\" data-image-meta=\"{&quot;aperture&quot;:&quot;0&quot;,&quot;credit&quot;:&quot;&quot;,&quot;camera&quot;:&quot;&quot;,&quot;caption&quot;:&quot;&quot;,&quot;created_timestamp&quot;:&quot;0&quot;,&quot;copyright&quot;:&quot;&quot;,&quot;focal_length&quot;:&quot;0&quot;,&quot;iso&quot;:&quot;0&quot;,&quot;shutter_speed&quot;:&quot;0&quot;,&quot;title&quot;:&quot;&quot;,&quot;orientation&quot;:&quot;0&quot;}\" data-image-title=\"image1\" data-image-description=\"\" data-medium-file=\"https:\/\/i1.wp.com\/journalcologne.hmkw.de\/kunstundkoeln\/wp-content\/uploads\/sites\/21\/2015\/04\/image1.jpeg?fit=632%2C289\" data-large-file=\"https:\/\/i1.wp.com\/journalcologne.hmkw.de\/kunstundkoeln\/wp-content\/uploads\/sites\/21\/2015\/04\/image1.jpeg?fit=640%2C293\" loading=\"lazy\" class=\"alignnone  wp-image-124\" src=\"https:\/\/i1.wp.com\/journalcologne.hmkw.de\/kunstundkoeln\/wp-content\/uploads\/sites\/21\/2015\/04\/image1.jpeg?resize=358%2C164\" alt=\"image1\" width=\"358\" height=\"164\" srcset=\"https:\/\/i1.wp.com\/journalcologne.hmkw.de\/kunstundkoeln\/wp-content\/uploads\/sites\/21\/2015\/04\/image1.jpeg?resize=632%2C289 632w, https:\/\/i1.wp.com\/journalcologne.hmkw.de\/kunstundkoeln\/wp-content\/uploads\/sites\/21\/2015\/04\/image1.jpeg?resize=600%2C275 600w, https:\/\/i1.wp.com\/journalcologne.hmkw.de\/kunstundkoeln\/wp-content\/uploads\/sites\/21\/2015\/04\/image1.jpeg?w=640 640w\" sizes=\"(max-width: 358px) 100vw, 358px\" data-recalc-dims=\"1\" \/><\/a><\/p>\n<p>Eines dieser Kunstwerke ist eine dreiteilige Raumarbeit aus Edelstahl von Ernst Hermanns. Die gr\u00f6\u00dfere der beiden S\u00e4ulen ist drei Meter hoch, die Kugel hat immerhin einen Durchmesser von 2,5 Metern. Allein der Transport dieser Raumarbeit ist eine gro\u00dfe Herausforderung und auch der Preis ist nicht ohne: Satte 240.000 Euro soll dieses Kunstwerk kosten. Stellt sich also die Frage, warum jemand einen derart hohen Betrag f\u00fcr ein so sperriges Kunstwerk bezahlen sollte, wo er doch zun\u00e4chst ein extra Zimmer daf\u00fcr anbauen m\u00fcsste, falls er nicht plant, die Raumarbeit in der Garage aufzubewahren.<\/p>\n<p>Von dieser Summe k\u00f6nnte man sich problemlos einen neuen Porsche 911 Cabriolet kaufen und noch einen Weiteren mit Dach f\u00fcr den Winter. Man k\u00f6nnte auch einer durchschnittlichen deutschen Familie f\u00fcr \u00fcber achteinhalb Jahre das Leben finanzieren. Wollte ein Sicherheitsmann in Namibia sich diese Raumarbeit kaufen, m\u00fcsste er daf\u00fcr fast 140 Jahre arbeiten \u2013 und das ohne Pause. Man k\u00f6nnte mit diesem Geld gleich mehrere Generationen einer namibischen Sicherheitsmann-Dynastie in den Ruhestand schicken und trotzdem gibt es Kunstliebhaber oder \u2013sammler, die bereit sind, diese Preise zu bezahlen. Vielleicht ist das ein Beweis daf\u00fcr, dass die Faszination von Kunst einfach nicht rational zu erkl\u00e4ren ist<em>.<\/em><\/p>\n<p><em>Autor: Oskar F\u00fcting<br \/>\n<\/em><\/p>\n","protected":false},"excerpt":{"rendered":"<div class=\"entry-summary\">\nAuf der Art Cologne gibt es unz\u00e4hlige Arten und Formen von Kunstwerken&hellip;\n<\/div>\n<div class=\"link-more\"><a href=\"http:\/\/journalcologne.hmkw.de\/kunstundkoeln\/2015\/04\/15\/ueber-unpraktische-kunstwerke\/\" class=\"more-link\">Continue reading<span class=\"screen-reader-text\"> &ldquo;\u00dcber \u201eunpraktische\u201c Kunstwerke&rdquo;<\/span>&hellip;<\/a><\/div>\n","protected":false},"author":20,"featured_media":124,"comment_status":"open","ping_status":"open","sticky":false,"template":"","format":"standard","meta":{"ngg_post_thumbnail":0,"spay_email":"","jetpack_publicize_message":"","jetpack_is_tweetstorm":false},"categories":[2],"tags":[],"jetpack_featured_media_url":"https:\/\/i1.wp.com\/journalcologne.hmkw.de\/kunstundkoeln\/wp-content\/uploads\/sites\/21\/2015\/04\/image1.jpeg?fit=640%2C293","jetpack_publicize_connections":[],"jetpack_sharing_enabled":true,"jetpack_shortlink":"https:\/\/wp.me\/p63LW5-1Y","_links":{"self":[{"href":"http:\/\/journalcologne.hmkw.de\/kunstundkoeln\/wp-json\/wp\/v2\/posts\/122"}],"collection":[{"href":"http:\/\/journalcologne.hmkw.de\/kunstundkoeln\/wp-json\/wp\/v2\/posts"}],"about":[{"href":"http:\/\/journalcologne.hmkw.de\/kunstundkoeln\/wp-json\/wp\/v2\/types\/post"}],"author":[{"embeddable":true,"href":"http:\/\/journalcologne.hmkw.de\/kunstundkoeln\/wp-json\/wp\/v2\/users\/20"}],"replies":[{"embeddable":true,"href":"http:\/\/journalcologne.hmkw.de\/kunstundkoeln\/wp-json\/wp\/v2\/comments?post=122"}],"version-history":[{"count":6,"href":"http:\/\/journalcologne.hmkw.de\/kunstundkoeln\/wp-json\/wp\/v2\/posts\/122\/revisions"}],"predecessor-version":[{"id":152,"href":"http:\/\/journalcologne.hmkw.de\/kunstundkoeln\/wp-json\/wp\/v2\/posts\/122\/revisions\/152"}],"wp:featuredmedia":[{"embeddable":true,"href":"http:\/\/journalcologne.hmkw.de\/kunstundkoeln\/wp-json\/wp\/v2\/media\/124"}],"wp:attachment":[{"href":"http:\/\/journalcologne.hmkw.de\/kunstundkoeln\/wp-json\/wp\/v2\/media?parent=122"}],"wp:term":[{"taxonomy":"category","embeddable":true,"href":"http:\/\/journalcologne.hmkw.de\/kunstundkoeln\/wp-json\/wp\/v2\/categories?post=122"},{"taxonomy":"post_tag","embeddable":true,"href":"http:\/\/journalcologne.hmkw.de\/kunstundkoeln\/wp-json\/wp\/v2\/tags?post=122"}],"curies":[{"name":"wp","href":"https:\/\/api.w.org\/{rel}","templated":true}]}}