{"id":1222,"date":"2016-04-16T14:01:58","date_gmt":"2016-04-16T12:01:58","guid":{"rendered":"http:\/\/journalcologne.hmkw.de\/kunstundkoeln\/?p=1222"},"modified":"2016-04-16T14:01:58","modified_gmt":"2016-04-16T12:01:58","slug":"kunst-die-gedanken-der-kuenstler","status":"publish","type":"post","link":"http:\/\/journalcologne.hmkw.de\/kunstundkoeln\/2016\/04\/16\/kunst-die-gedanken-der-kuenstler\/","title":{"rendered":"Kunst: Die Gedanken der K\u00fcnstler"},"content":{"rendered":"<p><strong>Wenn man an Kunst denkt, hat man vielleicht Bilder vor Augen, die mit \u00d6l oder Acryl gemalt worden sind. Oder man denkt an Skulpturen, die f\u00fcr Laien auf den ersten Blick nichtssagend sind. Kunstliebhaber jedenfalls interpretieren jedes Kunstwerk, w\u00e4hrend sie es betrachten. <\/strong><\/p>\n<p><strong>Doch hinter jedem Kunstwerk steht eine Idee. Was dachte der K\u00fcnstler sich bei seinen Kunstwerken?<\/strong><\/p>\n<p><a href=\"https:\/\/i1.wp.com\/journalcologne.hmkw.de\/kunstundkoeln\/wp-content\/uploads\/sites\/21\/2016\/04\/DSC00166-Small-e1460806311797.jpg\"><img data-attachment-id=\"1241\" data-permalink=\"http:\/\/journalcologne.hmkw.de\/kunstundkoeln\/2016\/04\/16\/kunst-die-gedanken-der-kuenstler\/dsc00166-small\/\" data-orig-file=\"https:\/\/i1.wp.com\/journalcologne.hmkw.de\/kunstundkoeln\/wp-content\/uploads\/sites\/21\/2016\/04\/DSC00166-Small-e1460806327512.jpg?fit=480%2C640\" data-orig-size=\"480,640\" data-comments-opened=\"0\" data-image-meta=\"{&quot;aperture&quot;:&quot;3.2&quot;,&quot;credit&quot;:&quot;&quot;,&quot;camera&quot;:&quot;DSC-W630&quot;,&quot;caption&quot;:&quot;&quot;,&quot;created_timestamp&quot;:&quot;1460722696&quot;,&quot;copyright&quot;:&quot;&quot;,&quot;focal_length&quot;:&quot;7.4&quot;,&quot;iso&quot;:&quot;200&quot;,&quot;shutter_speed&quot;:&quot;0.025&quot;,&quot;title&quot;:&quot;&quot;,&quot;orientation&quot;:&quot;6&quot;}\" data-image-title=\"DSC00166 (Small)\" data-image-description=\"\" data-medium-file=\"https:\/\/i1.wp.com\/journalcologne.hmkw.de\/kunstundkoeln\/wp-content\/uploads\/sites\/21\/2016\/04\/DSC00166-Small-e1460806327512.jpg?fit=632%2C474\" data-large-file=\"https:\/\/i1.wp.com\/journalcologne.hmkw.de\/kunstundkoeln\/wp-content\/uploads\/sites\/21\/2016\/04\/DSC00166-Small-e1460806327512.jpg?fit=480%2C640\" loading=\"lazy\" class=\"alignnone wp-image-1241 size-medium\" src=\"https:\/\/i2.wp.com\/journalcologne.hmkw.de\/kunstundkoeln\/wp-content\/uploads\/sites\/21\/2016\/04\/DSC00166-Small-e1460806311797-632x474.jpg?resize=632%2C474\" alt=\"DSC00166 (Small)\" width=\"632\" height=\"474\" data-recalc-dims=\"1\" \/><\/a><\/p>\n<p><a href=\"https:\/\/i2.wp.com\/journalcologne.hmkw.de\/kunstundkoeln\/wp-content\/uploads\/sites\/21\/2016\/04\/DSC00152-Small-e1460806467685.jpg\"><img data-attachment-id=\"1234\" data-permalink=\"http:\/\/journalcologne.hmkw.de\/kunstundkoeln\/2016\/04\/16\/kunst-die-gedanken-der-kuenstler\/dsc00152-small\/\" data-orig-file=\"https:\/\/i2.wp.com\/journalcologne.hmkw.de\/kunstundkoeln\/wp-content\/uploads\/sites\/21\/2016\/04\/DSC00152-Small-e1460806467685.jpg?fit=480%2C640\" data-orig-size=\"480,640\" data-comments-opened=\"0\" data-image-meta=\"{&quot;aperture&quot;:&quot;2.6&quot;,&quot;credit&quot;:&quot;&quot;,&quot;camera&quot;:&quot;DSC-W630&quot;,&quot;caption&quot;:&quot;&quot;,&quot;created_timestamp&quot;:&quot;1460550110&quot;,&quot;copyright&quot;:&quot;&quot;,&quot;focal_length&quot;:&quot;4.5&quot;,&quot;iso&quot;:&quot;125&quot;,&quot;shutter_speed&quot;:&quot;0.0333333333333&quot;,&quot;title&quot;:&quot;&quot;,&quot;orientation&quot;:&quot;6&quot;}\" data-image-title=\"DSC00152 (Small)\" data-image-description=\"\" data-medium-file=\"https:\/\/i2.wp.com\/journalcologne.hmkw.de\/kunstundkoeln\/wp-content\/uploads\/sites\/21\/2016\/04\/DSC00152-Small-e1460806467685.jpg?fit=632%2C474\" data-large-file=\"https:\/\/i2.wp.com\/journalcologne.hmkw.de\/kunstundkoeln\/wp-content\/uploads\/sites\/21\/2016\/04\/DSC00152-Small-e1460806467685.jpg?fit=480%2C640\" loading=\"lazy\" class=\"alignnone wp-image-1234 size-medium\" src=\"https:\/\/i2.wp.com\/journalcologne.hmkw.de\/kunstundkoeln\/wp-content\/uploads\/sites\/21\/2016\/04\/DSC00152-Small.jpg?resize=632%2C474\" alt=\"DSC00152 (Small)\" width=\"632\" height=\"474\" data-recalc-dims=\"1\" \/><\/a><\/p>\n<p>Diese Kunstwerke von John Chamberlain sind aus dem Jahr 2007. F\u00fcr seine bildhauerische Kunst hat er Metall als sein absolutes Markenzeichen ausgew\u00e4hlt. Die Kunstwerke hat Chamberlain aus Autostahl kreiert. Die Skulpturen sehen so aus, als h\u00e4tte der K\u00fcnstler die harten Stahlteile mit Leichtigkeit choreographisch zusammengef\u00fcgt und dadurch zum Tanzen gebracht, sodass sie sich wie selbstverst\u00e4ndlich zusammenf\u00fcgen.<\/p>\n<p>F\u00fcr Chamberlain hat der Begriff \u201e The Perfect Fit\u201c bei diesen Skulpturen eine wichtige Bedeutung. Dabei geht es darum, einen Punkt zu haben, an dem die Teile eine ganz bestimmte Dynamik und Passgenauigkeit annehmen. Die collagenartig zusammengef\u00fcgten Einzelteile haben einen Ausdruck angenommen, die der K\u00fcnstler intuitiv, aber dennoch bewusst angestrebt hat.<\/p>\n<p>&nbsp;<\/p>\n<p><a href=\"https:\/\/i0.wp.com\/journalcologne.hmkw.de\/kunstundkoeln\/wp-content\/uploads\/sites\/21\/2016\/04\/DSC00151-Small.jpg\"><img data-attachment-id=\"1233\" data-permalink=\"http:\/\/journalcologne.hmkw.de\/kunstundkoeln\/2016\/04\/16\/kunst-die-gedanken-der-kuenstler\/dsc00151-small\/\" data-orig-file=\"https:\/\/i0.wp.com\/journalcologne.hmkw.de\/kunstundkoeln\/wp-content\/uploads\/sites\/21\/2016\/04\/DSC00151-Small.jpg?fit=640%2C480\" data-orig-size=\"640,480\" data-comments-opened=\"0\" data-image-meta=\"{&quot;aperture&quot;:&quot;3.5&quot;,&quot;credit&quot;:&quot;&quot;,&quot;camera&quot;:&quot;DSC-W630&quot;,&quot;caption&quot;:&quot;&quot;,&quot;created_timestamp&quot;:&quot;1460549279&quot;,&quot;copyright&quot;:&quot;&quot;,&quot;focal_length&quot;:&quot;8.62&quot;,&quot;iso&quot;:&quot;160&quot;,&quot;shutter_speed&quot;:&quot;0.02&quot;,&quot;title&quot;:&quot;&quot;,&quot;orientation&quot;:&quot;1&quot;}\" data-image-title=\"DSC00151 (Small)\" data-image-description=\"\" data-medium-file=\"https:\/\/i0.wp.com\/journalcologne.hmkw.de\/kunstundkoeln\/wp-content\/uploads\/sites\/21\/2016\/04\/DSC00151-Small.jpg?fit=632%2C474\" data-large-file=\"https:\/\/i0.wp.com\/journalcologne.hmkw.de\/kunstundkoeln\/wp-content\/uploads\/sites\/21\/2016\/04\/DSC00151-Small.jpg?fit=640%2C480\" loading=\"lazy\" class=\"alignnone size-medium wp-image-1233\" src=\"https:\/\/i0.wp.com\/journalcologne.hmkw.de\/kunstundkoeln\/wp-content\/uploads\/sites\/21\/2016\/04\/DSC00151-Small.jpg?resize=632%2C474\" alt=\"DSC00151 (Small)\" width=\"632\" height=\"474\" srcset=\"https:\/\/i0.wp.com\/journalcologne.hmkw.de\/kunstundkoeln\/wp-content\/uploads\/sites\/21\/2016\/04\/DSC00151-Small.jpg?resize=632%2C474 632w, https:\/\/i0.wp.com\/journalcologne.hmkw.de\/kunstundkoeln\/wp-content\/uploads\/sites\/21\/2016\/04\/DSC00151-Small.jpg?resize=207%2C155 207w, https:\/\/i0.wp.com\/journalcologne.hmkw.de\/kunstundkoeln\/wp-content\/uploads\/sites\/21\/2016\/04\/DSC00151-Small.jpg?resize=50%2C38 50w, https:\/\/i0.wp.com\/journalcologne.hmkw.de\/kunstundkoeln\/wp-content\/uploads\/sites\/21\/2016\/04\/DSC00151-Small.jpg?w=640 640w\" sizes=\"(max-width: 632px) 100vw, 632px\" data-recalc-dims=\"1\" \/><\/a><\/p>\n<p>Diese Skulpturen sind Silikonabg\u00fcsse von Br\u00fcsten, enthalten LED-Lichter und h\u00e4ngen an St\u00f6cken. Damit macht die K\u00fcnstlerin Hayley Aviva Silvermann von dem Motiv des Landstreichers, der v\u00f6llig losgel\u00f6st von der Gesellschaft ist, Gebrauch. Gleichzeitig nimmt sie die Bedeutung der Brust als einen N\u00e4hrprozess auf. So k\u00f6nnte man die LED-Lichter in den Br\u00fcsten als Nahrung bezeichnen, die aus der Brust herauskommen.<\/p>\n<p>&nbsp;<\/p>\n<p><a href=\"https:\/\/i1.wp.com\/journalcologne.hmkw.de\/kunstundkoeln\/wp-content\/uploads\/sites\/21\/2016\/04\/DSC00165-Small-e1460807006595.jpg\"><img data-attachment-id=\"1240\" data-permalink=\"http:\/\/journalcologne.hmkw.de\/kunstundkoeln\/2016\/04\/16\/kunst-die-gedanken-der-kuenstler\/dsc00165-small\/\" data-orig-file=\"https:\/\/i1.wp.com\/journalcologne.hmkw.de\/kunstundkoeln\/wp-content\/uploads\/sites\/21\/2016\/04\/DSC00165-Small-e1460807006595.jpg?fit=480%2C640\" data-orig-size=\"480,640\" data-comments-opened=\"0\" data-image-meta=\"{&quot;aperture&quot;:&quot;6.3&quot;,&quot;credit&quot;:&quot;&quot;,&quot;camera&quot;:&quot;DSC-W630&quot;,&quot;caption&quot;:&quot;&quot;,&quot;created_timestamp&quot;:&quot;1460722571&quot;,&quot;copyright&quot;:&quot;&quot;,&quot;focal_length&quot;:&quot;22.5&quot;,&quot;iso&quot;:&quot;400&quot;,&quot;shutter_speed&quot;:&quot;0.125&quot;,&quot;title&quot;:&quot;&quot;,&quot;orientation&quot;:&quot;6&quot;}\" data-image-title=\"DSC00165 (Small)\" data-image-description=\"\" data-medium-file=\"https:\/\/i1.wp.com\/journalcologne.hmkw.de\/kunstundkoeln\/wp-content\/uploads\/sites\/21\/2016\/04\/DSC00165-Small-e1460807006595.jpg?fit=632%2C474\" data-large-file=\"https:\/\/i1.wp.com\/journalcologne.hmkw.de\/kunstundkoeln\/wp-content\/uploads\/sites\/21\/2016\/04\/DSC00165-Small-e1460807006595.jpg?fit=480%2C640\" loading=\"lazy\" class=\"alignnone size-medium wp-image-1240\" src=\"https:\/\/i2.wp.com\/journalcologne.hmkw.de\/kunstundkoeln\/wp-content\/uploads\/sites\/21\/2016\/04\/DSC00165-Small.jpg?resize=632%2C474\" alt=\"DSC00165 (Small)\" width=\"632\" height=\"474\" data-recalc-dims=\"1\" \/><\/a><\/p>\n<p>Auch diese Skulptur von Hayley Aviva Silvermann nimmt wieder das Motiv des N\u00e4hrprozesses auf. Hier hat die K\u00fcnstlerin eine Figur in eine Chinasuppe gesetzt. Dabei nimmt die Skulptur die Bedeutung der K\u00f6rperkontrolle und den Einsatz des eigenen K\u00f6rpers innerhalb der kommerziellen Gesellschaft auf. Die K\u00fcnstlerin verbindet also zwei komplette Gegens\u00e4tze, die kommerzielle Gesellschaft und die Achtung vor dem K\u00f6rper, miteinander.<\/p>\n<p>&nbsp;<\/p>\n<p><a href=\"https:\/\/i2.wp.com\/journalcologne.hmkw.de\/kunstundkoeln\/wp-content\/uploads\/sites\/21\/2016\/04\/DSC00159-Small.jpg\"><img data-attachment-id=\"1237\" data-permalink=\"http:\/\/journalcologne.hmkw.de\/kunstundkoeln\/2016\/04\/16\/kunst-die-gedanken-der-kuenstler\/dsc00159-small\/\" data-orig-file=\"https:\/\/i2.wp.com\/journalcologne.hmkw.de\/kunstundkoeln\/wp-content\/uploads\/sites\/21\/2016\/04\/DSC00159-Small.jpg?fit=640%2C480\" data-orig-size=\"640,480\" data-comments-opened=\"0\" data-image-meta=\"{&quot;aperture&quot;:&quot;2.6&quot;,&quot;credit&quot;:&quot;&quot;,&quot;camera&quot;:&quot;DSC-W630&quot;,&quot;caption&quot;:&quot;&quot;,&quot;created_timestamp&quot;:&quot;1460721618&quot;,&quot;copyright&quot;:&quot;&quot;,&quot;focal_length&quot;:&quot;4.5&quot;,&quot;iso&quot;:&quot;125&quot;,&quot;shutter_speed&quot;:&quot;0.0333333333333&quot;,&quot;title&quot;:&quot;&quot;,&quot;orientation&quot;:&quot;1&quot;}\" data-image-title=\"DSC00159 (Small)\" data-image-description=\"\" data-medium-file=\"https:\/\/i2.wp.com\/journalcologne.hmkw.de\/kunstundkoeln\/wp-content\/uploads\/sites\/21\/2016\/04\/DSC00159-Small.jpg?fit=632%2C474\" data-large-file=\"https:\/\/i2.wp.com\/journalcologne.hmkw.de\/kunstundkoeln\/wp-content\/uploads\/sites\/21\/2016\/04\/DSC00159-Small.jpg?fit=640%2C480\" loading=\"lazy\" class=\"alignnone size-medium wp-image-1237\" src=\"https:\/\/i2.wp.com\/journalcologne.hmkw.de\/kunstundkoeln\/wp-content\/uploads\/sites\/21\/2016\/04\/DSC00159-Small.jpg?resize=632%2C474\" alt=\"DSC00159 (Small)\" width=\"632\" height=\"474\" srcset=\"https:\/\/i2.wp.com\/journalcologne.hmkw.de\/kunstundkoeln\/wp-content\/uploads\/sites\/21\/2016\/04\/DSC00159-Small.jpg?resize=632%2C474 632w, https:\/\/i2.wp.com\/journalcologne.hmkw.de\/kunstundkoeln\/wp-content\/uploads\/sites\/21\/2016\/04\/DSC00159-Small.jpg?resize=207%2C155 207w, https:\/\/i2.wp.com\/journalcologne.hmkw.de\/kunstundkoeln\/wp-content\/uploads\/sites\/21\/2016\/04\/DSC00159-Small.jpg?resize=50%2C38 50w, https:\/\/i2.wp.com\/journalcologne.hmkw.de\/kunstundkoeln\/wp-content\/uploads\/sites\/21\/2016\/04\/DSC00159-Small.jpg?w=640 640w\" sizes=\"(max-width: 632px) 100vw, 632px\" data-recalc-dims=\"1\" \/><\/a><\/p>\n<p><a href=\"https:\/\/i0.wp.com\/journalcologne.hmkw.de\/kunstundkoeln\/wp-content\/uploads\/sites\/21\/2016\/04\/DSC00158-Small.jpg\"><img data-attachment-id=\"1236\" data-permalink=\"http:\/\/journalcologne.hmkw.de\/kunstundkoeln\/2016\/04\/16\/kunst-die-gedanken-der-kuenstler\/dsc00158-small\/\" data-orig-file=\"https:\/\/i0.wp.com\/journalcologne.hmkw.de\/kunstundkoeln\/wp-content\/uploads\/sites\/21\/2016\/04\/DSC00158-Small.jpg?fit=640%2C480\" data-orig-size=\"640,480\" data-comments-opened=\"0\" data-image-meta=\"{&quot;aperture&quot;:&quot;3.5&quot;,&quot;credit&quot;:&quot;&quot;,&quot;camera&quot;:&quot;DSC-W630&quot;,&quot;caption&quot;:&quot;&quot;,&quot;created_timestamp&quot;:&quot;1460721568&quot;,&quot;copyright&quot;:&quot;&quot;,&quot;focal_length&quot;:&quot;8.62&quot;,&quot;iso&quot;:&quot;400&quot;,&quot;shutter_speed&quot;:&quot;0.02&quot;,&quot;title&quot;:&quot;&quot;,&quot;orientation&quot;:&quot;1&quot;}\" data-image-title=\"DSC00158 (Small)\" data-image-description=\"\" data-medium-file=\"https:\/\/i0.wp.com\/journalcologne.hmkw.de\/kunstundkoeln\/wp-content\/uploads\/sites\/21\/2016\/04\/DSC00158-Small.jpg?fit=632%2C474\" data-large-file=\"https:\/\/i0.wp.com\/journalcologne.hmkw.de\/kunstundkoeln\/wp-content\/uploads\/sites\/21\/2016\/04\/DSC00158-Small.jpg?fit=640%2C480\" loading=\"lazy\" class=\"alignnone size-medium wp-image-1236\" src=\"https:\/\/i0.wp.com\/journalcologne.hmkw.de\/kunstundkoeln\/wp-content\/uploads\/sites\/21\/2016\/04\/DSC00158-Small.jpg?resize=632%2C474\" alt=\"DSC00158 (Small)\" width=\"632\" height=\"474\" srcset=\"https:\/\/i0.wp.com\/journalcologne.hmkw.de\/kunstundkoeln\/wp-content\/uploads\/sites\/21\/2016\/04\/DSC00158-Small.jpg?resize=632%2C474 632w, https:\/\/i0.wp.com\/journalcologne.hmkw.de\/kunstundkoeln\/wp-content\/uploads\/sites\/21\/2016\/04\/DSC00158-Small.jpg?resize=207%2C155 207w, https:\/\/i0.wp.com\/journalcologne.hmkw.de\/kunstundkoeln\/wp-content\/uploads\/sites\/21\/2016\/04\/DSC00158-Small.jpg?resize=50%2C38 50w, https:\/\/i0.wp.com\/journalcologne.hmkw.de\/kunstundkoeln\/wp-content\/uploads\/sites\/21\/2016\/04\/DSC00158-Small.jpg?w=640 640w\" sizes=\"(max-width: 632px) 100vw, 632px\" data-recalc-dims=\"1\" \/><\/a><\/p>\n<p>Dieses Kunstwerk l\u00e4sst viele Interpretationsm\u00f6glichkeiten zu. Man kann ein Korallenriff oder eine Mondlandschaft\u00a0darin sehen.\u00a0 Manche Kunstliebhaber sehen auch St\u00e4dte in der Skulptur. Auf den zweiten Blick erst sieht man, dass die Skulptur aus Paketen besteht, die mit chinesischen Schriftzeichen bedruckt sind. Diese Pakete sind kleine Styropordreiecke, die in Maulbeerpapier, ein spezielles trojanisches Papier, eingewickelt sind. Wichtig dabei ist, dass der K\u00fcnstler Kwan Young Chun, die Seiten mit den Schriftzeichen aus alten Zeitungen und B\u00fcchern entnommen hat. Der K\u00fcnstler ist im Jahr 1944 geboren und mit dem Koreakrieg aufgewachsen. Gerade in diesem Werk kann man erkennen, dass der Krieg seine Umwelt ver\u00e4ndert hat. Auch die Zerst\u00f6rung, die durch den Krieg unvermeidlich war, ist ein wichtiges Thema bei diesem Werk.<\/p>\n<p>&nbsp;<\/p>\n<p><a href=\"https:\/\/i2.wp.com\/journalcologne.hmkw.de\/kunstundkoeln\/wp-content\/uploads\/sites\/21\/2016\/04\/DSC00162-Small.jpg\"><img data-attachment-id=\"1238\" data-permalink=\"http:\/\/journalcologne.hmkw.de\/kunstundkoeln\/2016\/04\/16\/kunst-die-gedanken-der-kuenstler\/dsc00162-small\/\" data-orig-file=\"https:\/\/i2.wp.com\/journalcologne.hmkw.de\/kunstundkoeln\/wp-content\/uploads\/sites\/21\/2016\/04\/DSC00162-Small.jpg?fit=640%2C480\" data-orig-size=\"640,480\" data-comments-opened=\"0\" data-image-meta=\"{&quot;aperture&quot;:&quot;2.6&quot;,&quot;credit&quot;:&quot;&quot;,&quot;camera&quot;:&quot;DSC-W630&quot;,&quot;caption&quot;:&quot;&quot;,&quot;created_timestamp&quot;:&quot;1460722340&quot;,&quot;copyright&quot;:&quot;&quot;,&quot;focal_length&quot;:&quot;4.5&quot;,&quot;iso&quot;:&quot;125&quot;,&quot;shutter_speed&quot;:&quot;0.0333333333333&quot;,&quot;title&quot;:&quot;&quot;,&quot;orientation&quot;:&quot;1&quot;}\" data-image-title=\"DSC00162 (Small)\" data-image-description=\"\" data-medium-file=\"https:\/\/i2.wp.com\/journalcologne.hmkw.de\/kunstundkoeln\/wp-content\/uploads\/sites\/21\/2016\/04\/DSC00162-Small.jpg?fit=632%2C474\" data-large-file=\"https:\/\/i2.wp.com\/journalcologne.hmkw.de\/kunstundkoeln\/wp-content\/uploads\/sites\/21\/2016\/04\/DSC00162-Small.jpg?fit=640%2C480\" loading=\"lazy\" class=\"alignnone size-medium wp-image-1238\" src=\"https:\/\/i2.wp.com\/journalcologne.hmkw.de\/kunstundkoeln\/wp-content\/uploads\/sites\/21\/2016\/04\/DSC00162-Small.jpg?resize=632%2C474\" alt=\"DSC00162 (Small)\" width=\"632\" height=\"474\" srcset=\"https:\/\/i2.wp.com\/journalcologne.hmkw.de\/kunstundkoeln\/wp-content\/uploads\/sites\/21\/2016\/04\/DSC00162-Small.jpg?resize=632%2C474 632w, https:\/\/i2.wp.com\/journalcologne.hmkw.de\/kunstundkoeln\/wp-content\/uploads\/sites\/21\/2016\/04\/DSC00162-Small.jpg?resize=207%2C155 207w, https:\/\/i2.wp.com\/journalcologne.hmkw.de\/kunstundkoeln\/wp-content\/uploads\/sites\/21\/2016\/04\/DSC00162-Small.jpg?resize=50%2C38 50w, https:\/\/i2.wp.com\/journalcologne.hmkw.de\/kunstundkoeln\/wp-content\/uploads\/sites\/21\/2016\/04\/DSC00162-Small.jpg?w=640 640w\" sizes=\"(max-width: 632px) 100vw, 632px\" data-recalc-dims=\"1\" \/><\/a><\/p>\n<p>Auch dieses Gem\u00e4lde l\u00e4sst viel Spielraum f\u00fcr Interpretationen zu &#8211; und genau davon lebt das Relief. Hier kann man ein Schiffswrack erkennen und im n\u00e4chsten Moment sieht man D\u00e4monengesichter. Der K\u00fcnstler, Bernhard Schultz, hat f\u00fcr seine Modelle keine Vorbilder. Man meint, etwas in dem Gem\u00e4lde zu erkennen, doch im n\u00e4chsten Moment verfl\u00fcchtigt sich dieser Gedanke und man meint etwas anderes zu erkennen. Das Werk ist st\u00e4ndig im Fluss und ver\u00e4ndert sich jedes Mal aufs Neue. F\u00fcr den K\u00fcnstler ist diese Dynamik und die Ver\u00e4nderung wichtig, sodass man seiner Fantasie freien Lauf lassen kann.<\/p>\n<p>&nbsp;<\/p>\n<p><a href=\"https:\/\/i0.wp.com\/journalcologne.hmkw.de\/kunstundkoeln\/wp-content\/uploads\/sites\/21\/2016\/04\/DSC00163-Small.jpg\"><img data-attachment-id=\"1239\" data-permalink=\"http:\/\/journalcologne.hmkw.de\/kunstundkoeln\/2016\/04\/16\/kunst-die-gedanken-der-kuenstler\/dsc00163-small\/\" data-orig-file=\"https:\/\/i0.wp.com\/journalcologne.hmkw.de\/kunstundkoeln\/wp-content\/uploads\/sites\/21\/2016\/04\/DSC00163-Small.jpg?fit=640%2C480\" data-orig-size=\"640,480\" data-comments-opened=\"0\" data-image-meta=\"{&quot;aperture&quot;:&quot;2.6&quot;,&quot;credit&quot;:&quot;&quot;,&quot;camera&quot;:&quot;DSC-W630&quot;,&quot;caption&quot;:&quot;&quot;,&quot;created_timestamp&quot;:&quot;1460722371&quot;,&quot;copyright&quot;:&quot;&quot;,&quot;focal_length&quot;:&quot;4.5&quot;,&quot;iso&quot;:&quot;100&quot;,&quot;shutter_speed&quot;:&quot;0.0333333333333&quot;,&quot;title&quot;:&quot;&quot;,&quot;orientation&quot;:&quot;1&quot;}\" data-image-title=\"DSC00163 (Small)\" data-image-description=\"\" data-medium-file=\"https:\/\/i0.wp.com\/journalcologne.hmkw.de\/kunstundkoeln\/wp-content\/uploads\/sites\/21\/2016\/04\/DSC00163-Small.jpg?fit=632%2C474\" data-large-file=\"https:\/\/i0.wp.com\/journalcologne.hmkw.de\/kunstundkoeln\/wp-content\/uploads\/sites\/21\/2016\/04\/DSC00163-Small.jpg?fit=640%2C480\" loading=\"lazy\" class=\"alignnone size-medium wp-image-1239\" src=\"https:\/\/i0.wp.com\/journalcologne.hmkw.de\/kunstundkoeln\/wp-content\/uploads\/sites\/21\/2016\/04\/DSC00163-Small.jpg?resize=632%2C474\" alt=\"DSC00163 (Small)\" width=\"632\" height=\"474\" srcset=\"https:\/\/i0.wp.com\/journalcologne.hmkw.de\/kunstundkoeln\/wp-content\/uploads\/sites\/21\/2016\/04\/DSC00163-Small.jpg?resize=632%2C474 632w, https:\/\/i0.wp.com\/journalcologne.hmkw.de\/kunstundkoeln\/wp-content\/uploads\/sites\/21\/2016\/04\/DSC00163-Small.jpg?resize=207%2C155 207w, https:\/\/i0.wp.com\/journalcologne.hmkw.de\/kunstundkoeln\/wp-content\/uploads\/sites\/21\/2016\/04\/DSC00163-Small.jpg?resize=50%2C38 50w, https:\/\/i0.wp.com\/journalcologne.hmkw.de\/kunstundkoeln\/wp-content\/uploads\/sites\/21\/2016\/04\/DSC00163-Small.jpg?w=640 640w\" sizes=\"(max-width: 632px) 100vw, 632px\" data-recalc-dims=\"1\" \/><\/a><\/p>\n<p>Auch dieses Gem\u00e4lde von Bernhard Schultz ver\u00e4ndert sich bei jeder Betrachtung. Hier war es dem K\u00fcnstler wichtig, dass das Werk, obwohl es nicht dreidimensional ist, die gleiche Wirkung wie das Relief hat. Auch hier schafft es der K\u00fcnstler wieder, das Gem\u00e4lde dynamisch und ver\u00e4ndernd wirken zu lassen. Dementsprechend viel Interpretationsspielraum bietet dieses weitere Werk von Bernhard Schultz.<\/p>\n<p>&nbsp;<\/p>\n<p><a href=\"https:\/\/i1.wp.com\/journalcologne.hmkw.de\/kunstundkoeln\/wp-content\/uploads\/sites\/21\/2016\/04\/DSC00170-Small.jpg\"><img data-attachment-id=\"1242\" data-permalink=\"http:\/\/journalcologne.hmkw.de\/kunstundkoeln\/2016\/04\/16\/kunst-die-gedanken-der-kuenstler\/dsc00170-small\/\" data-orig-file=\"https:\/\/i1.wp.com\/journalcologne.hmkw.de\/kunstundkoeln\/wp-content\/uploads\/sites\/21\/2016\/04\/DSC00170-Small.jpg?fit=640%2C480\" data-orig-size=\"640,480\" data-comments-opened=\"0\" data-image-meta=\"{&quot;aperture&quot;:&quot;2.6&quot;,&quot;credit&quot;:&quot;&quot;,&quot;camera&quot;:&quot;DSC-W630&quot;,&quot;caption&quot;:&quot;&quot;,&quot;created_timestamp&quot;:&quot;1460723042&quot;,&quot;copyright&quot;:&quot;&quot;,&quot;focal_length&quot;:&quot;4.5&quot;,&quot;iso&quot;:&quot;80&quot;,&quot;shutter_speed&quot;:&quot;0.025&quot;,&quot;title&quot;:&quot;&quot;,&quot;orientation&quot;:&quot;1&quot;}\" data-image-title=\"DSC00170 (Small)\" data-image-description=\"\" data-medium-file=\"https:\/\/i1.wp.com\/journalcologne.hmkw.de\/kunstundkoeln\/wp-content\/uploads\/sites\/21\/2016\/04\/DSC00170-Small.jpg?fit=632%2C474\" data-large-file=\"https:\/\/i1.wp.com\/journalcologne.hmkw.de\/kunstundkoeln\/wp-content\/uploads\/sites\/21\/2016\/04\/DSC00170-Small.jpg?fit=640%2C480\" loading=\"lazy\" class=\"alignnone size-medium wp-image-1242\" src=\"https:\/\/i1.wp.com\/journalcologne.hmkw.de\/kunstundkoeln\/wp-content\/uploads\/sites\/21\/2016\/04\/DSC00170-Small.jpg?resize=632%2C474\" alt=\"DSC00170 (Small)\" width=\"632\" height=\"474\" srcset=\"https:\/\/i1.wp.com\/journalcologne.hmkw.de\/kunstundkoeln\/wp-content\/uploads\/sites\/21\/2016\/04\/DSC00170-Small.jpg?resize=632%2C474 632w, https:\/\/i1.wp.com\/journalcologne.hmkw.de\/kunstundkoeln\/wp-content\/uploads\/sites\/21\/2016\/04\/DSC00170-Small.jpg?resize=207%2C155 207w, https:\/\/i1.wp.com\/journalcologne.hmkw.de\/kunstundkoeln\/wp-content\/uploads\/sites\/21\/2016\/04\/DSC00170-Small.jpg?resize=50%2C38 50w, https:\/\/i1.wp.com\/journalcologne.hmkw.de\/kunstundkoeln\/wp-content\/uploads\/sites\/21\/2016\/04\/DSC00170-Small.jpg?w=640 640w\" sizes=\"(max-width: 632px) 100vw, 632px\" data-recalc-dims=\"1\" \/><\/a><\/p>\n<p>Hinter diesem Werk von Gerhard Richter verbirgt sich vielmehr als nur ein Gem\u00e4lde. Der K\u00fcnstler hat in seinem Werk gleich zwei seiner Arbeiten verbunden, denn er hat ein unscharfes Foto von einem seiner Gem\u00e4lde gemacht. Die unscharfe Fotografie sieht f\u00fcr den Betrachter, je weiter weg das Bild ist, scharf aus. Je n\u00e4her man an das Foto herantritt, desto unsch\u00e4rfer und irritierender wird es. Eine solch stark variierende Irritation hervorzurufen, war die bewusste Absicht des K\u00fcnstlers, als er dieses Foto schoss.<\/p>\n<p>&nbsp;<\/p>\n<p><a href=\"https:\/\/i2.wp.com\/journalcologne.hmkw.de\/kunstundkoeln\/wp-content\/uploads\/sites\/21\/2016\/04\/DSC00155-Small.jpg\"><img data-attachment-id=\"1235\" data-permalink=\"http:\/\/journalcologne.hmkw.de\/kunstundkoeln\/2016\/04\/16\/kunst-die-gedanken-der-kuenstler\/dsc00155-small\/\" data-orig-file=\"https:\/\/i2.wp.com\/journalcologne.hmkw.de\/kunstundkoeln\/wp-content\/uploads\/sites\/21\/2016\/04\/DSC00155-Small.jpg?fit=640%2C480\" data-orig-size=\"640,480\" data-comments-opened=\"0\" data-image-meta=\"{&quot;aperture&quot;:&quot;2.6&quot;,&quot;credit&quot;:&quot;&quot;,&quot;camera&quot;:&quot;DSC-W630&quot;,&quot;caption&quot;:&quot;&quot;,&quot;created_timestamp&quot;:&quot;1460720805&quot;,&quot;copyright&quot;:&quot;&quot;,&quot;focal_length&quot;:&quot;4.5&quot;,&quot;iso&quot;:&quot;100&quot;,&quot;shutter_speed&quot;:&quot;0.0333333333333&quot;,&quot;title&quot;:&quot;&quot;,&quot;orientation&quot;:&quot;1&quot;}\" data-image-title=\"DSC00155 (Small)\" data-image-description=\"\" data-medium-file=\"https:\/\/i2.wp.com\/journalcologne.hmkw.de\/kunstundkoeln\/wp-content\/uploads\/sites\/21\/2016\/04\/DSC00155-Small.jpg?fit=632%2C474\" data-large-file=\"https:\/\/i2.wp.com\/journalcologne.hmkw.de\/kunstundkoeln\/wp-content\/uploads\/sites\/21\/2016\/04\/DSC00155-Small.jpg?fit=640%2C480\" loading=\"lazy\" class=\"alignnone size-medium wp-image-1235\" src=\"https:\/\/i2.wp.com\/journalcologne.hmkw.de\/kunstundkoeln\/wp-content\/uploads\/sites\/21\/2016\/04\/DSC00155-Small.jpg?resize=632%2C474\" alt=\"DSC00155 (Small)\" width=\"632\" height=\"474\" srcset=\"https:\/\/i2.wp.com\/journalcologne.hmkw.de\/kunstundkoeln\/wp-content\/uploads\/sites\/21\/2016\/04\/DSC00155-Small.jpg?resize=632%2C474 632w, https:\/\/i2.wp.com\/journalcologne.hmkw.de\/kunstundkoeln\/wp-content\/uploads\/sites\/21\/2016\/04\/DSC00155-Small.jpg?resize=207%2C155 207w, https:\/\/i2.wp.com\/journalcologne.hmkw.de\/kunstundkoeln\/wp-content\/uploads\/sites\/21\/2016\/04\/DSC00155-Small.jpg?resize=50%2C38 50w, https:\/\/i2.wp.com\/journalcologne.hmkw.de\/kunstundkoeln\/wp-content\/uploads\/sites\/21\/2016\/04\/DSC00155-Small.jpg?w=640 640w\" sizes=\"(max-width: 632px) 100vw, 632px\" data-recalc-dims=\"1\" \/><\/a><\/p>\n<p>Diese Skulptur nennt sich Trash-Stone. Dieser Trash-Stone ist die 639. Skulptur, die der K\u00fcnstler Wilhelm Mundt kreiert hat. Man kann sich so eine Skulptur in jeder Gr\u00f6\u00dfe \u00fcberall hinstellen: als Deko im Vorgarten oder als Hocker im Wohnzimmer. Doch tats\u00e4chlich steckt vielmehr hinter der Kreation des Trash-Stones, denn der Kern des Steines besteht aus Abfall, den der K\u00fcnstler in einem Kunstwerk verpackt hat, sodass er den M\u00fcll losgeworden ist und gleichzeitig Kunstwerke f\u00fcr viele Interpretationsm\u00f6glichkeiten zul\u00e4sst. Von einem Mikroskop-Bild bis zu einem Alien-Ei war schon alles dabei.<\/p>\n<p>&nbsp;<\/p>\n<p><a href=\"https:\/\/i0.wp.com\/journalcologne.hmkw.de\/kunstundkoeln\/wp-content\/uploads\/sites\/21\/2016\/04\/DSC00135-Small-e1460807592363.jpg\"><img data-attachment-id=\"1232\" data-permalink=\"http:\/\/journalcologne.hmkw.de\/kunstundkoeln\/2016\/04\/16\/kunst-die-gedanken-der-kuenstler\/dsc00135-small\/\" data-orig-file=\"https:\/\/i0.wp.com\/journalcologne.hmkw.de\/kunstundkoeln\/wp-content\/uploads\/sites\/21\/2016\/04\/DSC00135-Small-e1460807592363.jpg?fit=480%2C640\" data-orig-size=\"480,640\" data-comments-opened=\"0\" data-image-meta=\"{&quot;aperture&quot;:&quot;3.5&quot;,&quot;credit&quot;:&quot;&quot;,&quot;camera&quot;:&quot;DSC-W630&quot;,&quot;caption&quot;:&quot;&quot;,&quot;created_timestamp&quot;:&quot;1460547088&quot;,&quot;copyright&quot;:&quot;&quot;,&quot;focal_length&quot;:&quot;8.62&quot;,&quot;iso&quot;:&quot;250&quot;,&quot;shutter_speed&quot;:&quot;0.02&quot;,&quot;title&quot;:&quot;&quot;,&quot;orientation&quot;:&quot;6&quot;}\" data-image-title=\"DSC00135 (Small)\" data-image-description=\"\" data-medium-file=\"https:\/\/i0.wp.com\/journalcologne.hmkw.de\/kunstundkoeln\/wp-content\/uploads\/sites\/21\/2016\/04\/DSC00135-Small-e1460807592363.jpg?fit=632%2C474\" data-large-file=\"https:\/\/i0.wp.com\/journalcologne.hmkw.de\/kunstundkoeln\/wp-content\/uploads\/sites\/21\/2016\/04\/DSC00135-Small-e1460807592363.jpg?fit=480%2C640\" loading=\"lazy\" class=\"alignnone size-medium wp-image-1232\" src=\"https:\/\/i0.wp.com\/journalcologne.hmkw.de\/kunstundkoeln\/wp-content\/uploads\/sites\/21\/2016\/04\/DSC00135-Small.jpg?resize=632%2C474\" alt=\"DSC00135 (Small)\" width=\"632\" height=\"474\" data-recalc-dims=\"1\" \/><\/a><\/p>\n<p>Das Werk von David Jablonowski symbolisiert die Entwicklung der Kommunikation. So ist es dem K\u00fcnstler wichtig, dem Betrachter die jetzige Kommunikationssituation klar zumachen.<br \/>\nDas obere Ger\u00fcst, das aus einer Art schillernden Plane besteht, ist dabei das Motiv f\u00fcr die Kommunikation und die Art, wie man kommuniziert. Der untere Teil der Skulptur besteht aus harten Kanten und Ecken und stellt das Motiv f\u00fcr die Computertechnik dar. Dabei wird klar, dass der K\u00fcnstler die Verbindung der Kommunikation mit dem Computer bzw. den sozialen Medien als immer wichtiger f\u00fcr die Gesellschaft empfindet.<\/p>\n<p>&nbsp;<\/p>\n<p><a href=\"https:\/\/i1.wp.com\/journalcologne.hmkw.de\/kunstundkoeln\/wp-content\/uploads\/sites\/21\/2016\/04\/small-e1460807747322.jpg\"><img data-attachment-id=\"1258\" data-permalink=\"http:\/\/journalcologne.hmkw.de\/kunstundkoeln\/2016\/04\/16\/kunst-die-gedanken-der-kuenstler\/small\/\" data-orig-file=\"https:\/\/i1.wp.com\/journalcologne.hmkw.de\/kunstundkoeln\/wp-content\/uploads\/sites\/21\/2016\/04\/small-e1460807747322.jpg?fit=780%2C1386\" data-orig-size=\"780,1386\" data-comments-opened=\"0\" data-image-meta=\"{&quot;aperture&quot;:&quot;0&quot;,&quot;credit&quot;:&quot;&quot;,&quot;camera&quot;:&quot;&quot;,&quot;caption&quot;:&quot;&quot;,&quot;created_timestamp&quot;:&quot;0&quot;,&quot;copyright&quot;:&quot;&quot;,&quot;focal_length&quot;:&quot;0&quot;,&quot;iso&quot;:&quot;0&quot;,&quot;shutter_speed&quot;:&quot;0&quot;,&quot;title&quot;:&quot;&quot;,&quot;orientation&quot;:&quot;0&quot;}\" data-image-title=\"small\" data-image-description=\"\" data-medium-file=\"https:\/\/i1.wp.com\/journalcologne.hmkw.de\/kunstundkoeln\/wp-content\/uploads\/sites\/21\/2016\/04\/small-e1460807747322.jpg?fit=632%2C1123\" data-large-file=\"https:\/\/i1.wp.com\/journalcologne.hmkw.de\/kunstundkoeln\/wp-content\/uploads\/sites\/21\/2016\/04\/small-e1460807747322.jpg?fit=1020%2C574\" loading=\"lazy\" class=\"alignnone size-medium wp-image-1258\" src=\"https:\/\/i1.wp.com\/journalcologne.hmkw.de\/kunstundkoeln\/wp-content\/uploads\/sites\/21\/2016\/04\/small-e1460807747322-632x1123.jpg?resize=632%2C1123\" alt=\"small\" width=\"632\" height=\"1123\" srcset=\"https:\/\/i1.wp.com\/journalcologne.hmkw.de\/kunstundkoeln\/wp-content\/uploads\/sites\/21\/2016\/04\/small-e1460807747322.jpg?resize=632%2C1123 632w, https:\/\/i1.wp.com\/journalcologne.hmkw.de\/kunstundkoeln\/wp-content\/uploads\/sites\/21\/2016\/04\/small-e1460807747322.jpg?resize=87%2C155 87w, https:\/\/i1.wp.com\/journalcologne.hmkw.de\/kunstundkoeln\/wp-content\/uploads\/sites\/21\/2016\/04\/small-e1460807747322.jpg?resize=28%2C50 28w, https:\/\/i1.wp.com\/journalcologne.hmkw.de\/kunstundkoeln\/wp-content\/uploads\/sites\/21\/2016\/04\/small-e1460807747322.jpg?w=780 780w\" sizes=\"(max-width: 632px) 100vw, 632px\" data-recalc-dims=\"1\" \/><\/a><\/p>\n<p>Anthony Caro dr\u00fcckt mit seinem Werk \u201eCard Game\u201c seine Leidenschaft und Liebe zum Kartenspiel aus. Dennoch bietet das Werk viel Interpretationsspielraum. Man sieht auf der einen Seite einen Tisch, doch betrachtet man die Skulptur von der anderen Seite, erkennt man eine Art Plane. So kann man denken, dass der K\u00fcnstler den Tisch auspackt, um ein Kartenspiel zu beginnen. Gleichzeitig kann das Werk auch ein illegales Kartenspiel oder ein Spiel mit gezinkten Karten bedeuten. Auf jeden Fall lassen der Name des Werks und das Kunstwerk selbst keine Assoziationen au\u00dferhalb eines Kartenspieles zu.<\/p>\n<p><em>(von Pia Heidemann)<\/em><\/p>\n","protected":false},"excerpt":{"rendered":"<div class=\"entry-summary\">\nWenn man an Kunst denkt, hat man vielleicht Bilder vor Augen, die&hellip;\n<\/div>\n<div class=\"link-more\"><a href=\"http:\/\/journalcologne.hmkw.de\/kunstundkoeln\/2016\/04\/16\/kunst-die-gedanken-der-kuenstler\/\" class=\"more-link\">Continue reading<span class=\"screen-reader-text\"> &ldquo;Kunst: Die Gedanken der K\u00fcnstler&rdquo;<\/span>&hellip;<\/a><\/div>\n","protected":false},"author":120,"featured_media":1233,"comment_status":"closed","ping_status":"open","sticky":false,"template":"","format":"standard","meta":{"ngg_post_thumbnail":0,"spay_email":"","jetpack_publicize_message":"","jetpack_is_tweetstorm":false},"categories":[4],"tags":[46,131,85,83,130,84],"jetpack_featured_media_url":"https:\/\/i0.wp.com\/journalcologne.hmkw.de\/kunstundkoeln\/wp-content\/uploads\/sites\/21\/2016\/04\/DSC00151-Small.jpg?fit=640%2C480","jetpack_publicize_connections":[],"jetpack_sharing_enabled":true,"jetpack_shortlink":"https:\/\/wp.me\/p63LW5-jI","_links":{"self":[{"href":"http:\/\/journalcologne.hmkw.de\/kunstundkoeln\/wp-json\/wp\/v2\/posts\/1222"}],"collection":[{"href":"http:\/\/journalcologne.hmkw.de\/kunstundkoeln\/wp-json\/wp\/v2\/posts"}],"about":[{"href":"http:\/\/journalcologne.hmkw.de\/kunstundkoeln\/wp-json\/wp\/v2\/types\/post"}],"author":[{"embeddable":true,"href":"http:\/\/journalcologne.hmkw.de\/kunstundkoeln\/wp-json\/wp\/v2\/users\/120"}],"replies":[{"embeddable":true,"href":"http:\/\/journalcologne.hmkw.de\/kunstundkoeln\/wp-json\/wp\/v2\/comments?post=1222"}],"version-history":[{"count":6,"href":"http:\/\/journalcologne.hmkw.de\/kunstundkoeln\/wp-json\/wp\/v2\/posts\/1222\/revisions"}],"predecessor-version":[{"id":1260,"href":"http:\/\/journalcologne.hmkw.de\/kunstundkoeln\/wp-json\/wp\/v2\/posts\/1222\/revisions\/1260"}],"wp:featuredmedia":[{"embeddable":true,"href":"http:\/\/journalcologne.hmkw.de\/kunstundkoeln\/wp-json\/wp\/v2\/media\/1233"}],"wp:attachment":[{"href":"http:\/\/journalcologne.hmkw.de\/kunstundkoeln\/wp-json\/wp\/v2\/media?parent=1222"}],"wp:term":[{"taxonomy":"category","embeddable":true,"href":"http:\/\/journalcologne.hmkw.de\/kunstundkoeln\/wp-json\/wp\/v2\/categories?post=1222"},{"taxonomy":"post_tag","embeddable":true,"href":"http:\/\/journalcologne.hmkw.de\/kunstundkoeln\/wp-json\/wp\/v2\/tags?post=1222"}],"curies":[{"name":"wp","href":"https:\/\/api.w.org\/{rel}","templated":true}]}}