{"id":1272,"date":"2016-04-17T15:35:56","date_gmt":"2016-04-17T13:35:56","guid":{"rendered":"http:\/\/journalcologne.hmkw.de\/kunstundkoeln\/?p=1272"},"modified":"2016-04-17T15:35:56","modified_gmt":"2016-04-17T13:35:56","slug":"yellow-is-the-new-black","status":"publish","type":"post","link":"http:\/\/journalcologne.hmkw.de\/kunstundkoeln\/2016\/04\/17\/yellow-is-the-new-black\/","title":{"rendered":"Yellow is the new black"},"content":{"rendered":"<p>Unter all den schwarzen Anzugtr\u00e4gern auf der Koelnmesse f\u00e4llt Konstantin Schneider auf. Mit seinem \u201eTweety\u201c \u2013 gelben Anzug ist der 57-J\u00e4hrige in der schwarz-wei\u00dfen Masse nicht zu \u00fcbersehen. Konstantin Schneider geh\u00f6rt zu den echten ART COLOGNE \u2013 Fans und kommt fast jedes Jahr nach K\u00f6ln, um die neusten Kunsttrends zu sehen. Er liebt nicht nur Kunst, er lebt sie. Er hat sich der Kreativit\u00e4t verschrieben.<\/p>\n<figure id=\"attachment_1273\" aria-describedby=\"caption-attachment-1273\" style=\"width: 632px\" class=\"wp-caption alignnone\"><a href=\"https:\/\/i1.wp.com\/journalcologne.hmkw.de\/kunstundkoeln\/wp-content\/uploads\/sites\/21\/2016\/04\/Bild1.jpg\"><img data-attachment-id=\"1273\" data-permalink=\"http:\/\/journalcologne.hmkw.de\/kunstundkoeln\/2016\/04\/17\/yellow-is-the-new-black\/bild1-2\/\" data-orig-file=\"https:\/\/i1.wp.com\/journalcologne.hmkw.de\/kunstundkoeln\/wp-content\/uploads\/sites\/21\/2016\/04\/Bild1.jpg?fit=2448%2C3264\" data-orig-size=\"2448,3264\" data-comments-opened=\"0\" data-image-meta=\"{&quot;aperture&quot;:&quot;0&quot;,&quot;credit&quot;:&quot;&quot;,&quot;camera&quot;:&quot;&quot;,&quot;caption&quot;:&quot;&quot;,&quot;created_timestamp&quot;:&quot;0&quot;,&quot;copyright&quot;:&quot;&quot;,&quot;focal_length&quot;:&quot;0&quot;,&quot;iso&quot;:&quot;0&quot;,&quot;shutter_speed&quot;:&quot;0&quot;,&quot;title&quot;:&quot;&quot;,&quot;orientation&quot;:&quot;0&quot;}\" data-image-title=\"Bild1\" data-image-description=\"\" data-medium-file=\"https:\/\/i1.wp.com\/journalcologne.hmkw.de\/kunstundkoeln\/wp-content\/uploads\/sites\/21\/2016\/04\/Bild1.jpg?fit=632%2C843\" data-large-file=\"https:\/\/i1.wp.com\/journalcologne.hmkw.de\/kunstundkoeln\/wp-content\/uploads\/sites\/21\/2016\/04\/Bild1.jpg?fit=1020%2C1360\" loading=\"lazy\" class=\"size-medium wp-image-1273\" src=\"https:\/\/i1.wp.com\/journalcologne.hmkw.de\/kunstundkoeln\/wp-content\/uploads\/sites\/21\/2016\/04\/Bild1.jpg?resize=632%2C843\" alt=\"Der selbsternannte Kunstkontakter ist auch dieses Jahr wieder auf der ART COLOGNE unterwegs \u2013 im Auftrag der Liebe und Revolution.\" width=\"632\" height=\"843\" srcset=\"https:\/\/i1.wp.com\/journalcologne.hmkw.de\/kunstundkoeln\/wp-content\/uploads\/sites\/21\/2016\/04\/Bild1.jpg?resize=632%2C843 632w, https:\/\/i1.wp.com\/journalcologne.hmkw.de\/kunstundkoeln\/wp-content\/uploads\/sites\/21\/2016\/04\/Bild1.jpg?resize=1020%2C1360 1020w, https:\/\/i1.wp.com\/journalcologne.hmkw.de\/kunstundkoeln\/wp-content\/uploads\/sites\/21\/2016\/04\/Bild1.jpg?resize=116%2C155 116w, https:\/\/i1.wp.com\/journalcologne.hmkw.de\/kunstundkoeln\/wp-content\/uploads\/sites\/21\/2016\/04\/Bild1.jpg?resize=38%2C50 38w, https:\/\/i1.wp.com\/journalcologne.hmkw.de\/kunstundkoeln\/wp-content\/uploads\/sites\/21\/2016\/04\/Bild1.jpg?w=2040 2040w\" sizes=\"(max-width: 632px) 100vw, 632px\" data-recalc-dims=\"1\" \/><\/a><figcaption id=\"caption-attachment-1273\" class=\"wp-caption-text\">Der selbsternannte Kunstkontakter ist auch dieses Jahr wieder auf der ART COLOGNE unterwegs \u2013 im Auftrag der Liebe und Revolution.<\/figcaption><\/figure>\n<p>Konstantin Schneider ist nahezu bei jeder Ausstellungser\u00f6ffnung dabei und h\u00e4lt mit seiner Digitalkamera alles fest. Seine Bilder und Interviews stellt er ins Internet mit dem Ziel, Kunst f\u00fcr jedermann zug\u00e4nglich zu machen. Der selbsternannte Kunstkontakter sammelt Wackelbilder mit einer Kopfkamera auf Vernissagen und ver\u00f6ffentlicht diese auf seiner <a href=\"http:\/\/kunstkontakter.tv\">Internetseite<\/a>. Au\u00dferdem berichtet der Kunstliebhaber regelm\u00e4\u00dfig in seinem Blog, was die wachsende Berliner Kunstszene zu bieten hat.<\/p>\n<figure id=\"attachment_1274\" aria-describedby=\"caption-attachment-1274\" style=\"width: 632px\" class=\"wp-caption alignnone\"><a href=\"https:\/\/i2.wp.com\/journalcologne.hmkw.de\/kunstundkoeln\/wp-content\/uploads\/sites\/21\/2016\/04\/Bild2.jpg\"><img data-attachment-id=\"1274\" data-permalink=\"http:\/\/journalcologne.hmkw.de\/kunstundkoeln\/2016\/04\/17\/yellow-is-the-new-black\/bild2-2\/\" data-orig-file=\"https:\/\/i2.wp.com\/journalcologne.hmkw.de\/kunstundkoeln\/wp-content\/uploads\/sites\/21\/2016\/04\/Bild2.jpg?fit=2448%2C3264\" data-orig-size=\"2448,3264\" data-comments-opened=\"0\" data-image-meta=\"{&quot;aperture&quot;:&quot;0&quot;,&quot;credit&quot;:&quot;&quot;,&quot;camera&quot;:&quot;&quot;,&quot;caption&quot;:&quot;&quot;,&quot;created_timestamp&quot;:&quot;0&quot;,&quot;copyright&quot;:&quot;&quot;,&quot;focal_length&quot;:&quot;0&quot;,&quot;iso&quot;:&quot;0&quot;,&quot;shutter_speed&quot;:&quot;0&quot;,&quot;title&quot;:&quot;&quot;,&quot;orientation&quot;:&quot;0&quot;}\" data-image-title=\"Bild2\" data-image-description=\"\" data-medium-file=\"https:\/\/i2.wp.com\/journalcologne.hmkw.de\/kunstundkoeln\/wp-content\/uploads\/sites\/21\/2016\/04\/Bild2.jpg?fit=632%2C843\" data-large-file=\"https:\/\/i2.wp.com\/journalcologne.hmkw.de\/kunstundkoeln\/wp-content\/uploads\/sites\/21\/2016\/04\/Bild2.jpg?fit=1020%2C1360\" loading=\"lazy\" class=\"size-medium wp-image-1274\" src=\"https:\/\/i2.wp.com\/journalcologne.hmkw.de\/kunstundkoeln\/wp-content\/uploads\/sites\/21\/2016\/04\/Bild2.jpg?resize=632%2C843\" alt=\"In seinem gelben Anzug ist er in der Masse nicht zu \u00fcbersehen.\" width=\"632\" height=\"843\" srcset=\"https:\/\/i2.wp.com\/journalcologne.hmkw.de\/kunstundkoeln\/wp-content\/uploads\/sites\/21\/2016\/04\/Bild2.jpg?resize=632%2C843 632w, https:\/\/i2.wp.com\/journalcologne.hmkw.de\/kunstundkoeln\/wp-content\/uploads\/sites\/21\/2016\/04\/Bild2.jpg?resize=1020%2C1360 1020w, https:\/\/i2.wp.com\/journalcologne.hmkw.de\/kunstundkoeln\/wp-content\/uploads\/sites\/21\/2016\/04\/Bild2.jpg?resize=116%2C155 116w, https:\/\/i2.wp.com\/journalcologne.hmkw.de\/kunstundkoeln\/wp-content\/uploads\/sites\/21\/2016\/04\/Bild2.jpg?resize=38%2C50 38w, https:\/\/i2.wp.com\/journalcologne.hmkw.de\/kunstundkoeln\/wp-content\/uploads\/sites\/21\/2016\/04\/Bild2.jpg?w=2040 2040w\" sizes=\"(max-width: 632px) 100vw, 632px\" data-recalc-dims=\"1\" \/><\/a><figcaption id=\"caption-attachment-1274\" class=\"wp-caption-text\">In seinem gelben Anzug ist er in der Masse nicht zu \u00fcbersehen.<\/figcaption><\/figure>\n<p>F\u00fcr das Jubil\u00e4ums-Jahr der ART COLOGNE hat sich der Kunstkontakter dieses Mal besonders herausgeputzt.<\/p>\n<p>KUNST &amp; K\u00d6LN:\u00a0Woher kommen Sie und was machen Sie beruflich?<\/p>\n<iframe width=\"100%\" height=\"450\" scrolling=\"no\" frameborder=\"no\" src=\"https:\/\/w.soundcloud.com\/player\/?url=https%3A%2F%2Fapi.soundcloud.com%2Ftracks%2F259370252&auto_play=false&hide_related=false&visual=true&show_comments=true&color=false&show_user=true&show_reposts=false\"><\/iframe>\n<p>&nbsp;<\/p>\n<p>KUNST &amp; K\u00d6LN:\u00a0 Was haben Sie sich denn Besonderes einfallen lassen?<\/p>\n<iframe width=\"100%\" height=\"450\" scrolling=\"no\" frameborder=\"no\" src=\"https:\/\/w.soundcloud.com\/player\/?url=https%3A%2F%2Fapi.soundcloud.com%2Ftracks%2F259370255&auto_play=false&hide_related=false&visual=true&show_comments=true&color=false&show_user=true&show_reposts=false\"><\/iframe>\n<p>KUNST &amp; K\u00d6LN: Was hat es mit \u201eGoes Bananas\u201c auf sich?<\/p>\n<iframe width=\"100%\" height=\"450\" scrolling=\"no\" frameborder=\"no\" src=\"https:\/\/w.soundcloud.com\/player\/?url=https%3A%2F%2Fapi.soundcloud.com%2Ftracks%2F259513143&auto_play=false&hide_related=false&visual=true&show_comments=true&color=false&show_user=true&show_reposts=false\"><\/iframe>\n<p>&nbsp;<\/p>\n<p>KUNST &amp; K\u00d6LN: Kann man Sie als lebendes Kunstwerk sehen?<\/p>\n<iframe width=\"100%\" height=\"450\" scrolling=\"no\" frameborder=\"no\" src=\"https:\/\/w.soundcloud.com\/player\/?url=https%3A%2F%2Fapi.soundcloud.com%2Ftracks%2F259370260&auto_play=false&hide_related=false&visual=true&show_comments=true&color=false&show_user=true&show_reposts=false\"><\/iframe>\n<p>&nbsp;<\/p>\n<p>KUNST &amp; K\u00d6LN: Warum fasziniert Kunst Sie so?<\/p>\n<p>&nbsp;<\/p>\n<iframe width=\"100%\" height=\"450\" scrolling=\"no\" frameborder=\"no\" src=\"https:\/\/w.soundcloud.com\/player\/?url=https%3A%2F%2Fapi.soundcloud.com%2Ftracks%2F259370266&auto_play=false&hide_related=false&visual=true&show_comments=true&color=false&show_user=true&show_reposts=false\"><\/iframe>\n<p>KUNST &amp; K\u00d6LN: Warum kommen Sie fast jedes Jahr zur ART COLOGNE?<\/p>\n<p>&nbsp;<\/p>\n<iframe width=\"100%\" height=\"450\" scrolling=\"no\" frameborder=\"no\" src=\"https:\/\/w.soundcloud.com\/player\/?url=https%3A%2F%2Fapi.soundcloud.com%2Ftracks%2F259513137&auto_play=false&hide_related=false&visual=true&show_comments=true&color=false&show_user=true&show_reposts=false\"><\/iframe>\n<p>KUNST &amp; K\u00d6LN: Was erwarten Sie vom 50. Jubil\u00e4um der ART COLOGNE?<\/p>\n<p>&nbsp;<\/p>\n<iframe width=\"100%\" height=\"450\" scrolling=\"no\" frameborder=\"no\" src=\"https:\/\/w.soundcloud.com\/player\/?url=https%3A%2F%2Fapi.soundcloud.com%2Ftracks%2F259370274&auto_play=false&hide_related=false&visual=true&show_comments=true&color=false&show_user=true&show_reposts=false\"><\/iframe>\n<p>&nbsp;<\/p>\n<p>(von Nicole Kurpiela)<\/p>\n","protected":false},"excerpt":{"rendered":"<div class=\"entry-summary\">\nUnter all den schwarzen Anzugtr\u00e4gern auf der Koelnmesse f\u00e4llt Konstantin Schneider auf.&hellip;\n<\/div>\n<div class=\"link-more\"><a href=\"http:\/\/journalcologne.hmkw.de\/kunstundkoeln\/2016\/04\/17\/yellow-is-the-new-black\/\" class=\"more-link\">Continue reading<span class=\"screen-reader-text\"> &ldquo;Yellow is the new black&rdquo;<\/span>&hellip;<\/a><\/div>\n","protected":false},"author":120,"featured_media":1275,"comment_status":"closed","ping_status":"open","sticky":false,"template":"","format":"standard","meta":{"ngg_post_thumbnail":0,"spay_email":"","jetpack_publicize_message":"","jetpack_is_tweetstorm":false},"categories":[3],"tags":[46,85,136,83,84],"jetpack_featured_media_url":"https:\/\/i2.wp.com\/journalcologne.hmkw.de\/kunstundkoeln\/wp-content\/uploads\/sites\/21\/2016\/04\/Bild3.jpg?fit=1280%2C960","jetpack_publicize_connections":[],"jetpack_sharing_enabled":true,"jetpack_shortlink":"https:\/\/wp.me\/p63LW5-kw","_links":{"self":[{"href":"http:\/\/journalcologne.hmkw.de\/kunstundkoeln\/wp-json\/wp\/v2\/posts\/1272"}],"collection":[{"href":"http:\/\/journalcologne.hmkw.de\/kunstundkoeln\/wp-json\/wp\/v2\/posts"}],"about":[{"href":"http:\/\/journalcologne.hmkw.de\/kunstundkoeln\/wp-json\/wp\/v2\/types\/post"}],"author":[{"embeddable":true,"href":"http:\/\/journalcologne.hmkw.de\/kunstundkoeln\/wp-json\/wp\/v2\/users\/120"}],"replies":[{"embeddable":true,"href":"http:\/\/journalcologne.hmkw.de\/kunstundkoeln\/wp-json\/wp\/v2\/comments?post=1272"}],"version-history":[{"count":3,"href":"http:\/\/journalcologne.hmkw.de\/kunstundkoeln\/wp-json\/wp\/v2\/posts\/1272\/revisions"}],"predecessor-version":[{"id":1387,"href":"http:\/\/journalcologne.hmkw.de\/kunstundkoeln\/wp-json\/wp\/v2\/posts\/1272\/revisions\/1387"}],"wp:featuredmedia":[{"embeddable":true,"href":"http:\/\/journalcologne.hmkw.de\/kunstundkoeln\/wp-json\/wp\/v2\/media\/1275"}],"wp:attachment":[{"href":"http:\/\/journalcologne.hmkw.de\/kunstundkoeln\/wp-json\/wp\/v2\/media?parent=1272"}],"wp:term":[{"taxonomy":"category","embeddable":true,"href":"http:\/\/journalcologne.hmkw.de\/kunstundkoeln\/wp-json\/wp\/v2\/categories?post=1272"},{"taxonomy":"post_tag","embeddable":true,"href":"http:\/\/journalcologne.hmkw.de\/kunstundkoeln\/wp-json\/wp\/v2\/tags?post=1272"}],"curies":[{"name":"wp","href":"https:\/\/api.w.org\/{rel}","templated":true}]}}