{"id":1406,"date":"2017-04-18T17:24:02","date_gmt":"2017-04-18T15:24:02","guid":{"rendered":"http:\/\/journalcologne.hmkw.de\/kunstundkoeln\/?p=1406"},"modified":"2017-04-18T18:01:13","modified_gmt":"2017-04-18T16:01:13","slug":"art-cologne-rueckblick-und-ausblick","status":"publish","type":"post","link":"http:\/\/journalcologne.hmkw.de\/kunstundkoeln\/2017\/04\/18\/art-cologne-rueckblick-und-ausblick\/","title":{"rendered":"Art Cologne: R\u00fcckblick und Ausblick"},"content":{"rendered":"<p>Auch im Jahr 2017 wird ein Team von Studierenden der HMKW Hochschule f\u00fcr Medien, Kommunikation und Wirtschaft K\u00f6ln \u00fcber die Art Cologne bloggen. Hier ein paar Fotos aus den vergangenen Jahren:<\/p>\n<p>[tribulant_slideshow gallery_id=&#8220;10&#8243;]<\/p>\n","protected":false},"excerpt":{"rendered":"<div class=\"entry-summary\">\nAuch im Jahr 2017 wird ein Team von Studierenden der HMKW Hochschule&hellip;\n<\/div>\n<div class=\"link-more\"><a href=\"http:\/\/journalcologne.hmkw.de\/kunstundkoeln\/2017\/04\/18\/art-cologne-rueckblick-und-ausblick\/\" class=\"more-link\">Continue reading<span class=\"screen-reader-text\"> &ldquo;Art Cologne: R\u00fcckblick und Ausblick&rdquo;<\/span>&hellip;<\/a><\/div>\n","protected":false},"author":2,"featured_media":1412,"comment_status":"closed","ping_status":"open","sticky":false,"template":"","format":"standard","meta":{"ngg_post_thumbnail":0,"spay_email":"","jetpack_publicize_message":"","jetpack_is_tweetstorm":false},"categories":[5],"tags":[],"jetpack_featured_media_url":"https:\/\/i2.wp.com\/journalcologne.hmkw.de\/kunstundkoeln\/wp-content\/uploads\/sites\/21\/ngg_featured\/MG_3251.JPG?fit=1920%2C1280","jetpack_publicize_connections":[],"jetpack_sharing_enabled":true,"jetpack_shortlink":"https:\/\/wp.me\/p63LW5-mG","_links":{"self":[{"href":"http:\/\/journalcologne.hmkw.de\/kunstundkoeln\/wp-json\/wp\/v2\/posts\/1406"}],"collection":[{"href":"http:\/\/journalcologne.hmkw.de\/kunstundkoeln\/wp-json\/wp\/v2\/posts"}],"about":[{"href":"http:\/\/journalcologne.hmkw.de\/kunstundkoeln\/wp-json\/wp\/v2\/types\/post"}],"author":[{"embeddable":true,"href":"http:\/\/journalcologne.hmkw.de\/kunstundkoeln\/wp-json\/wp\/v2\/users\/2"}],"replies":[{"embeddable":true,"href":"http:\/\/journalcologne.hmkw.de\/kunstundkoeln\/wp-json\/wp\/v2\/comments?post=1406"}],"version-history":[{"count":4,"href":"http:\/\/journalcologne.hmkw.de\/kunstundkoeln\/wp-json\/wp\/v2\/posts\/1406\/revisions"}],"predecessor-version":[{"id":1413,"href":"http:\/\/journalcologne.hmkw.de\/kunstundkoeln\/wp-json\/wp\/v2\/posts\/1406\/revisions\/1413"}],"wp:featuredmedia":[{"embeddable":true,"href":"http:\/\/journalcologne.hmkw.de\/kunstundkoeln\/wp-json\/wp\/v2\/media\/1412"}],"wp:attachment":[{"href":"http:\/\/journalcologne.hmkw.de\/kunstundkoeln\/wp-json\/wp\/v2\/media?parent=1406"}],"wp:term":[{"taxonomy":"category","embeddable":true,"href":"http:\/\/journalcologne.hmkw.de\/kunstundkoeln\/wp-json\/wp\/v2\/categories?post=1406"},{"taxonomy":"post_tag","embeddable":true,"href":"http:\/\/journalcologne.hmkw.de\/kunstundkoeln\/wp-json\/wp\/v2\/tags?post=1406"}],"curies":[{"name":"wp","href":"https:\/\/api.w.org\/{rel}","templated":true}]}}