{"id":1457,"date":"2017-04-25T15:04:57","date_gmt":"2017-04-25T13:04:57","guid":{"rendered":"http:\/\/journalcologne.hmkw.de\/kunstundkoeln\/?p=1457"},"modified":"2017-04-25T15:52:46","modified_gmt":"2017-04-25T13:52:46","slug":"art-cologne-2017-was-sie-wissen-sollten","status":"publish","type":"post","link":"http:\/\/journalcologne.hmkw.de\/kunstundkoeln\/2017\/04\/25\/art-cologne-2017-was-sie-wissen-sollten\/","title":{"rendered":"Art Cologne 2017 \u2013 Was Sie wissen sollten"},"content":{"rendered":"<p>Kunterbunt, kreativ und einzigartig \u2013 Vom 26.-29. April 2017 \u00f6ffnet die ART COLOGNE&nbsp;zum 51. Mal ihre Pforten und insgesamt 250 Aussteller verwandeln die K\u00f6lner Messehallen wieder in einen internationalen Kunstmarkt. Egal ob Kunst-Neuling oder erfahrener Galerist: Wir sagen Ihnen, was Sie vorab wissen sollten und geben Tipps f\u00fcr Anfahrt &amp; Co.:<\/p>\n<p><strong>Was ist die ART COLOGNE?<\/strong><\/p>\n<p>Die ART COLOGNE ist eine Kunstmesse, auf der internationale Galerien moderne und zeitgen\u00f6ssische Kunst pr\u00e4sentieren und verkaufen. Die Messe geht zur\u00fcck auf den \u201eKunstmarkt K\u00f6ln &#8217;67\u201c, der am 15. September 1976 von den K\u00f6lner Galeristen Hein St\u00fcnke und Rudolf Zwirner ins Leben gerufen wurde.<\/p>\n<p><strong>F\u00fcr wen ist die ART COLOGNE?<\/strong><\/p>\n<p>Die Besucher der Messe sind genauso vielf\u00e4ltig wie die pr\u00e4sentierte Kunst. Vor Ort treffen neben K\u00fcnstlern, Sammlern und Kunstvereinen auch Museumsdirektoren, Architekten und Kunstinteressierte aufeinander. Jeder ist hier willkommen!<br \/>\nExtra-Tipp f\u00fcr Studis: Alle Studenten mit k\u00fcnstlerischer Fachrichtung bekommen gegen Nachweis ihres Studienfachs am Mittwoch, den 26.04.2017, freien Eintritt!<\/p>\n<p><strong>Welche Aussteller sind vor Ort?<\/strong><\/p>\n<p>250 kommerziell gef\u00fchrte Galerien pr\u00e4sentieren Werke aus der ganzen Welt. Von Mailand, \u00fcber Kopenhagen bis hin zu New York ist alles dabei, was in der Kunstszene Rang und Namen hat. Einen \u00dcberblick \u00fcber alle Aussteller, eingeteilt in die Kategorien Contemporary Art, Klassische Moderne\/Nachkriegskunst, Neumarkt und Neumarkt Collaborations, finden Sie <a href=\"http:\/\/www.artcologne.de\/ART-COLOGNE\/Galerien\/index.php\">hier<\/a>.<\/p>\n<p><strong>Was ist neu?<\/strong><\/p>\n<p>Erstmals seit Bestehen der Art Cologne wurde in der Messe-Eingangshalle S\u00fcd keine historische, sondern eine zeitgen\u00f6ssische Kunstinstallation, zusammen mit dem deutschen K\u00fcnstler Michael Riedel, erstellt. Erfahren Sie <a href=\"http:\/\/www.artcologne.de\/ART-COLOGNE\/Presse\/Presseinformationen\/index.php?aktion=pfach&amp;p1id=kmpresse_artcologne&amp;format=html&amp;base=&amp;tp=k3content&amp;search=&amp;pmid=kmeigen.kmpresse_1487670713&amp;start=0&amp;anzahl=10&amp;channel=kmeigen&amp;language=d&amp;archiv=\">hier<\/a>, was sich hinter dem Projekt verbirgt.<br \/>\nZudem wird besonders die K\u00f6lner Besucher freuen, dass es auch in diesem Jahr wieder ein neues Gaffel-Glas geben wird. Exklusiv zur ART COLOGNE designt die Kunststudentin Anna Baydak, deren Entw\u00fcrfe von einer Fachjury ausgew\u00e4hlt wurden, eine K\u00f6lsch-Stange in limitierter Auflage.<br \/>\nAu\u00dferdem: <a href=\"http:\/\/www.artcologne.de\/ART-COLOGNE\/Presse\/Presseinformationen\/index.php?aktion=pfach&amp;p1id=kmpresse_artcologne&amp;format=html&amp;base=&amp;tp=k3content&amp;search=&amp;pmid=kmeigen.kmpresse_1491895680&amp;start=0&amp;anzahl=10&amp;channel=kmeigen&amp;language=d&amp;archiv=\">Die Art-Cologne-Neuzug\u00e4nge 2017 <\/a>&nbsp;<\/p>\n<p><strong>Wie kommt man am besten hin?<\/strong><\/p>\n<p>Das K\u00f6lner Messegel\u00e4nde liegt zentral und ist sehr gut mit den <a href=\"http:\/\/www.artcologne.de\/redaktionell\/Exhibition-Master\/an_reise\/KM_VRS_Plan_CityGuide.pdf\">\u00f6ffentlichen Verkehrsmitteln<\/a> zu erreichen. Mit den S-Bahn-Linien S6, S11, S12, S13 und den Stra\u00dfen- bzw. U-Bahn-Linien 1 und 9, erreichen Sie die Messehallen schnell und bequem. Zu Ihrer Eintrittskarte erhalten Sie auch einen Fahrausweis, der im gesamten VRS-Gebiet g\u00fcltig ist.<\/p>\n<p>Bei der Anreise mit dem Auto folgen Sie den gr\u00fcnen Hinweisschildern \u201eKoelnmesse\u201c und halten Sie sich f\u00fcr die Parkplatzzuweisung an die entsprechenden Richtungspfeile. Von den Parkpl\u00e4tzen aus sind die Messehallen fu\u00dfl\u00e4ufig, oder kostenlos per Pendelbus zu erreichen.<br \/>\nFoto: Koelnmesse Bilddatenbank<\/p>\n<p><em>(Von Vanessa Sch\u00fcler und Alina Knops)&nbsp;<\/em><\/p>\n","protected":false},"excerpt":{"rendered":"<div class=\"entry-summary\">\nKunterbunt, kreativ und einzigartig \u2013 Vom 26.-29. April 2017 \u00f6ffnet die ART&hellip;\n<\/div>\n<div class=\"link-more\"><a href=\"http:\/\/journalcologne.hmkw.de\/kunstundkoeln\/2017\/04\/25\/art-cologne-2017-was-sie-wissen-sollten\/\" class=\"more-link\">Continue reading<span class=\"screen-reader-text\"> &ldquo;Art Cologne 2017 \u2013 Was Sie wissen sollten&rdquo;<\/span>&hellip;<\/a><\/div>\n","protected":false},"author":134,"featured_media":1458,"comment_status":"closed","ping_status":"open","sticky":false,"template":"","format":"standard","meta":{"ngg_post_thumbnail":0,"spay_email":"","jetpack_publicize_message":"","jetpack_is_tweetstorm":false},"categories":[5],"tags":[46,152,151,150],"jetpack_featured_media_url":"https:\/\/i0.wp.com\/journalcologne.hmkw.de\/kunstundkoeln\/wp-content\/uploads\/sites\/21\/2017\/04\/410_koelnmesse_03_012.jpg?fit=3130%2C2054","jetpack_publicize_connections":[],"jetpack_sharing_enabled":true,"jetpack_shortlink":"https:\/\/wp.me\/p63LW5-nv","_links":{"self":[{"href":"http:\/\/journalcologne.hmkw.de\/kunstundkoeln\/wp-json\/wp\/v2\/posts\/1457"}],"collection":[{"href":"http:\/\/journalcologne.hmkw.de\/kunstundkoeln\/wp-json\/wp\/v2\/posts"}],"about":[{"href":"http:\/\/journalcologne.hmkw.de\/kunstundkoeln\/wp-json\/wp\/v2\/types\/post"}],"author":[{"embeddable":true,"href":"http:\/\/journalcologne.hmkw.de\/kunstundkoeln\/wp-json\/wp\/v2\/users\/134"}],"replies":[{"embeddable":true,"href":"http:\/\/journalcologne.hmkw.de\/kunstundkoeln\/wp-json\/wp\/v2\/comments?post=1457"}],"version-history":[{"count":7,"href":"http:\/\/journalcologne.hmkw.de\/kunstundkoeln\/wp-json\/wp\/v2\/posts\/1457\/revisions"}],"predecessor-version":[{"id":1474,"href":"http:\/\/journalcologne.hmkw.de\/kunstundkoeln\/wp-json\/wp\/v2\/posts\/1457\/revisions\/1474"}],"wp:featuredmedia":[{"embeddable":true,"href":"http:\/\/journalcologne.hmkw.de\/kunstundkoeln\/wp-json\/wp\/v2\/media\/1458"}],"wp:attachment":[{"href":"http:\/\/journalcologne.hmkw.de\/kunstundkoeln\/wp-json\/wp\/v2\/media?parent=1457"}],"wp:term":[{"taxonomy":"category","embeddable":true,"href":"http:\/\/journalcologne.hmkw.de\/kunstundkoeln\/wp-json\/wp\/v2\/categories?post=1457"},{"taxonomy":"post_tag","embeddable":true,"href":"http:\/\/journalcologne.hmkw.de\/kunstundkoeln\/wp-json\/wp\/v2\/tags?post=1457"}],"curies":[{"name":"wp","href":"https:\/\/api.w.org\/{rel}","templated":true}]}}