{"id":1638,"date":"2017-04-27T11:07:08","date_gmt":"2017-04-27T09:07:08","guid":{"rendered":"http:\/\/journalcologne.hmkw.de\/kunstundkoeln\/?p=1638"},"modified":"2017-04-27T18:44:36","modified_gmt":"2017-04-27T16:44:36","slug":"wir-wollen-wissen-was-ist-fuer-sie-kunst","status":"publish","type":"post","link":"http:\/\/journalcologne.hmkw.de\/kunstundkoeln\/2017\/04\/27\/wir-wollen-wissen-was-ist-fuer-sie-kunst\/","title":{"rendered":"Wir wollen wissen: Was ist f\u00fcr Sie Kunst?"},"content":{"rendered":"<p>Auf der ART COLOGNE 2017 trifft man die ausgefallensten und individuellsten Pers\u00f6nlichkeiten an. Hier bleibt nichts aus und es ist mehr als beeindruckend und interessant, wenn man mal hinter die \u00e4u\u00dferen Fassaden schaut.<\/p>\n<p>Wir haben uns heute umgeh\u00f6rt, was die Besucher der diesj\u00e4hrigen ART COLOGNE denn eigentlich auf die Messe treibt und was f\u00fcr sie Kunst \u00fcberhaupt bedeutet?<\/p>\n<p>Was dabei f\u00fcr interessante Antworten gegeben wurden, sehen Sie hier.<\/p>\n<div class=\"jetpack-video-wrapper\"><span class=\"embed-youtube\" style=\"text-align:center; display: block;\"><iframe class='youtube-player' width='1020' height='574' src='https:\/\/www.youtube.com\/embed\/Dc7Q_BrMF3U?version=3&#038;rel=1&#038;showsearch=0&#038;showinfo=1&#038;iv_load_policy=1&#038;fs=1&#038;hl=de-DE&#038;autohide=2&#038;wmode=transparent' allowfullscreen='true' style='border:0;' sandbox='allow-scripts allow-same-origin allow-popups allow-presentation'><\/iframe><\/span><\/div>\n<p>Die Bedeutung von Kunst ist f\u00fcr jeden ganz individuell und unterschiedlich. F\u00fcr viele eine schwierig definierbare Frage. Die einen sehen die Kunst in Gefahr und haben sich zur Aufgabe gemacht sie zu sch\u00fctzen und aufrecht zu erhalten, die anderen nutzen sie als Kommunikationsmittel und Sprachrohr. Jeder hat seine ganz pers\u00f6nliche Beziehung und Meinung zur Kunst und nutzt sie auf seine eigene Art und Weise. Eins haben jedoch alle gemeinsam, sie lieben und leben die Kunst.<\/p>\n<p>(<em>von Lara Granderath und Patryk Sabramowicz<\/em>)<\/p>\n","protected":false},"excerpt":{"rendered":"<div class=\"entry-summary\">\nAuf der ART COLOGNE 2017 trifft man die ausgefallensten und individuellsten Pers\u00f6nlichkeiten&hellip;\n<\/div>\n<div class=\"link-more\"><a href=\"http:\/\/journalcologne.hmkw.de\/kunstundkoeln\/2017\/04\/27\/wir-wollen-wissen-was-ist-fuer-sie-kunst\/\" class=\"more-link\">Continue reading<span class=\"screen-reader-text\"> &ldquo;Wir wollen wissen: Was ist f\u00fcr Sie Kunst?&rdquo;<\/span>&hellip;<\/a><\/div>\n","protected":false},"author":136,"featured_media":1699,"comment_status":"closed","ping_status":"open","sticky":false,"template":"","format":"standard","meta":{"ngg_post_thumbnail":0,"spay_email":"","jetpack_publicize_message":"","jetpack_is_tweetstorm":false},"categories":[3],"tags":[98,191],"jetpack_featured_media_url":"https:\/\/i1.wp.com\/journalcologne.hmkw.de\/kunstundkoeln\/wp-content\/uploads\/sites\/21\/2017\/04\/C741E7958E3F449090E543630EB79528.jpg?fit=742%2C557","jetpack_publicize_connections":[],"jetpack_sharing_enabled":true,"jetpack_shortlink":"https:\/\/wp.me\/p63LW5-qq","_links":{"self":[{"href":"http:\/\/journalcologne.hmkw.de\/kunstundkoeln\/wp-json\/wp\/v2\/posts\/1638"}],"collection":[{"href":"http:\/\/journalcologne.hmkw.de\/kunstundkoeln\/wp-json\/wp\/v2\/posts"}],"about":[{"href":"http:\/\/journalcologne.hmkw.de\/kunstundkoeln\/wp-json\/wp\/v2\/types\/post"}],"author":[{"embeddable":true,"href":"http:\/\/journalcologne.hmkw.de\/kunstundkoeln\/wp-json\/wp\/v2\/users\/136"}],"replies":[{"embeddable":true,"href":"http:\/\/journalcologne.hmkw.de\/kunstundkoeln\/wp-json\/wp\/v2\/comments?post=1638"}],"version-history":[{"count":6,"href":"http:\/\/journalcologne.hmkw.de\/kunstundkoeln\/wp-json\/wp\/v2\/posts\/1638\/revisions"}],"predecessor-version":[{"id":1808,"href":"http:\/\/journalcologne.hmkw.de\/kunstundkoeln\/wp-json\/wp\/v2\/posts\/1638\/revisions\/1808"}],"wp:featuredmedia":[{"embeddable":true,"href":"http:\/\/journalcologne.hmkw.de\/kunstundkoeln\/wp-json\/wp\/v2\/media\/1699"}],"wp:attachment":[{"href":"http:\/\/journalcologne.hmkw.de\/kunstundkoeln\/wp-json\/wp\/v2\/media?parent=1638"}],"wp:term":[{"taxonomy":"category","embeddable":true,"href":"http:\/\/journalcologne.hmkw.de\/kunstundkoeln\/wp-json\/wp\/v2\/categories?post=1638"},{"taxonomy":"post_tag","embeddable":true,"href":"http:\/\/journalcologne.hmkw.de\/kunstundkoeln\/wp-json\/wp\/v2\/tags?post=1638"}],"curies":[{"name":"wp","href":"https:\/\/api.w.org\/{rel}","templated":true}]}}