{"id":166,"date":"2015-04-16T18:37:31","date_gmt":"2015-04-16T16:37:31","guid":{"rendered":"http:\/\/journalcologne.hmkw.de\/kunstundkoeln\/?p=166"},"modified":"2015-04-17T19:50:11","modified_gmt":"2015-04-17T17:50:11","slug":"kunstwerk-des-tages","status":"publish","type":"post","link":"http:\/\/journalcologne.hmkw.de\/kunstundkoeln\/2015\/04\/16\/kunstwerk-des-tages\/","title":{"rendered":"Kunstwerk DES TAGES &#8211; Donnerstag"},"content":{"rendered":"<div class=\"jetpack-video-wrapper\"><span class=\"embed-youtube\" style=\"text-align:center; display: block;\"><iframe class='youtube-player' width='1020' height='574' src='https:\/\/www.youtube.com\/embed\/XNLWBAa7d2g?version=3&#038;rel=1&#038;showsearch=0&#038;showinfo=1&#038;iv_load_policy=1&#038;fs=1&#038;hl=de-DE&#038;autohide=2&#038;wmode=transparent' allowfullscreen='true' style='border:0;' sandbox='allow-scripts allow-same-origin allow-popups allow-presentation'><\/iframe><\/span><\/div>\n<p>Illusion oder Wirklichkeit? Steht man vor dem dreidimensionalen Kunstwerk \u201eIn Black and White\u201c des 1939 in Birmingham geborenen K\u00fcnstlers Patrick Hughes, erscheint das Gem\u00e4lde auf den ersten Blick wie eine flache Oberfl\u00e4che.<\/p>\n<p>Die auf dem Kunstwerk abgebildeten Geb\u00e4ude sind so positioniert, dass sie in Form von Dreiecken in Richtung des Publikums zeigen. Sobald der Betrachter seine Position ver\u00e4ndert oder den Kopf zur Seite legt macht es den Anschein als w\u00fcrde sich das Bild ver\u00e4ndern. Geht man n\u00e4her auf das Gem\u00e4lde zu, wirkt es so, als w\u00fcrde man sich selbst zwischen den dargestellten Geb\u00e4uden hindurch bewegen. Stellt man sich ganz nah vor das Kunstwerk entsteht eine optische T\u00e4uschung, die den Betrachter bez\u00fcglich der eigenen Distanz zum Bild verwirrt. Erst wenn man sich in geringem Abstand seitlich dem Bild zuwendet, versteht man, dass die glatte Oberfl\u00e4che des Bildes lediglich eine Illusion ist. Diese desorientierende Wirkung erzielt Patrick Hughes, indem er die in der Darstellung am weitesten entfernten Motive auf die dem Betrachter zugewandten &#8222;Spitzen&#8220; der Dreiecke malt. Die r\u00e4umliche Situation wird falsch eingesch\u00e4tzt und es kommt zu Irritationen der Wahrnehmung. Auch wenn der Betrachter die T\u00e4uschung bereits erkannt und verstanden hat, kann er sich der Illusion nicht entziehen. Der f\u00fcr seine dreidimensionalen Objekte ber\u00fchmte Patrick Hughes zeigt mit seinen Werken, dass Illusion und Wirklichkeit oft sehr nah beieinander liegen.<\/p>\n<p>Das Kunstwerk wurde bereits am ersten Ausstellungstag der ArtCologne 2015 an einen ausl\u00e4ndischen K\u00e4ufer f\u00fcr rund 400.000 \u20ac verkauft.<\/p>\n<p>&nbsp;<\/p>\n<p><em>Autorin: Sabrina Repac<\/em><\/p>\n","protected":false},"excerpt":{"rendered":"<div class=\"entry-summary\">\nIllusion oder Wirklichkeit? Steht man vor dem dreidimensionalen Kunstwerk \u201eIn Black and&hellip;\n<\/div>\n<div class=\"link-more\"><a href=\"http:\/\/journalcologne.hmkw.de\/kunstundkoeln\/2015\/04\/16\/kunstwerk-des-tages\/\" class=\"more-link\">Continue reading<span class=\"screen-reader-text\"> &ldquo;Kunstwerk DES TAGES &#8211; Donnerstag&rdquo;<\/span>&hellip;<\/a><\/div>\n","protected":false},"author":21,"featured_media":336,"comment_status":"open","ping_status":"open","sticky":false,"template":"","format":"standard","meta":{"ngg_post_thumbnail":0,"spay_email":"","jetpack_publicize_message":"","jetpack_is_tweetstorm":false},"categories":[27],"tags":[],"jetpack_featured_media_url":"https:\/\/i0.wp.com\/journalcologne.hmkw.de\/kunstundkoeln\/wp-content\/uploads\/sites\/21\/2015\/04\/Kunstwerk-des-Tages-Donnerstag.jpg?fit=800%2C600","jetpack_publicize_connections":[],"jetpack_sharing_enabled":true,"jetpack_shortlink":"https:\/\/wp.me\/p63LW5-2G","_links":{"self":[{"href":"http:\/\/journalcologne.hmkw.de\/kunstundkoeln\/wp-json\/wp\/v2\/posts\/166"}],"collection":[{"href":"http:\/\/journalcologne.hmkw.de\/kunstundkoeln\/wp-json\/wp\/v2\/posts"}],"about":[{"href":"http:\/\/journalcologne.hmkw.de\/kunstundkoeln\/wp-json\/wp\/v2\/types\/post"}],"author":[{"embeddable":true,"href":"http:\/\/journalcologne.hmkw.de\/kunstundkoeln\/wp-json\/wp\/v2\/users\/21"}],"replies":[{"embeddable":true,"href":"http:\/\/journalcologne.hmkw.de\/kunstundkoeln\/wp-json\/wp\/v2\/comments?post=166"}],"version-history":[{"count":7,"href":"http:\/\/journalcologne.hmkw.de\/kunstundkoeln\/wp-json\/wp\/v2\/posts\/166\/revisions"}],"predecessor-version":[{"id":337,"href":"http:\/\/journalcologne.hmkw.de\/kunstundkoeln\/wp-json\/wp\/v2\/posts\/166\/revisions\/337"}],"wp:featuredmedia":[{"embeddable":true,"href":"http:\/\/journalcologne.hmkw.de\/kunstundkoeln\/wp-json\/wp\/v2\/media\/336"}],"wp:attachment":[{"href":"http:\/\/journalcologne.hmkw.de\/kunstundkoeln\/wp-json\/wp\/v2\/media?parent=166"}],"wp:term":[{"taxonomy":"category","embeddable":true,"href":"http:\/\/journalcologne.hmkw.de\/kunstundkoeln\/wp-json\/wp\/v2\/categories?post=166"},{"taxonomy":"post_tag","embeddable":true,"href":"http:\/\/journalcologne.hmkw.de\/kunstundkoeln\/wp-json\/wp\/v2\/tags?post=166"}],"curies":[{"name":"wp","href":"https:\/\/api.w.org\/{rel}","templated":true}]}}