{"id":1809,"date":"2017-04-27T18:59:36","date_gmt":"2017-04-27T16:59:36","guid":{"rendered":"http:\/\/journalcologne.hmkw.de\/kunstundkoeln\/?p=1809"},"modified":"2017-05-01T16:45:23","modified_gmt":"2017-05-01T14:45:23","slug":"art-adventure-ueber-die-kunst-von-klara-hobza","status":"publish","type":"post","link":"http:\/\/journalcologne.hmkw.de\/kunstundkoeln\/2017\/04\/27\/art-adventure-ueber-die-kunst-von-klara-hobza\/","title":{"rendered":"Art &amp; Adventure: Die Kunst von Klara Hobza"},"content":{"rendered":"<p>In der Kunst sind der Fantasie keine Grenzen gesetzt und sie kann viele verschiedene Gestalten annehmen. Das ist auch der Fall bei Klara Hobza und ihrer \u201eangewandten Fantasie\u201c. F\u00fcr die K\u00fcnstlerin, die im Jahr 2005 ihren Master of Fine Arts an der Columbia University erwarb, ist es sogar erstrebenswert, die Grenzen des M\u00f6glichen zu erreichen und im besten Fall zu erweitern. Die Inspiration der 42-j\u00e4hrigen ist schlichtweg das allt\u00e4gliche Leben und alles, was sie sich einmal in den Kopf gesetzt hat, wird sie auch tun.<\/p>\n<p>So kam es auch, dass sie sich auf einer Zugfahrt von Berlin nach Pilsen, ihrem Geburtsort, fragte, wie es wohl in den verschiedenen Fl\u00fcssen aussieht, die ihren Weg kreuzen. Als sie erfuhr, dass es eine direkte Flussverbindung von der Nordsee bis zum Schwarzen Meer gibt, war das Projekt \u201eDiving through Europe\u201c geboren, das sch\u00e4tzungsweise 20-30 Jahre dauern soll. Als sie 2012 an der Nordsee mit dem Projekt begann, dokumentierte sie ihre Erlebnisse auf ihrem eigenen YouTube-Kanal \u201e<a href=\"https:\/\/www.youtube.com\/user\/TheHobza\">The Hobza<\/a>\u201c.<\/p>\n<p>Ein zentraler Aspekt ihrer Werke ist die Verschmelzung von Kunst und Leben. Ein gutes Beispiel daf\u00fcr sind die konzeptionellen Werke \u201eBiography 2002\u201c und \u201eBiography 2012\u201c, in denen sie ihr eigenes Leben aus einer posthumen Perspektive schildert. Dabei ist nicht klar, wie viele der in der Zukunft liegenden Ereignisse, wie beschrieben stattfinden werden. Schrift und Schreibstil der Werke erinnern stark an einen Wikipedia-Eintrag, wodurch sie authentisch wirken und am Puls der digitalen Gesellschaft liegen.<\/p>\n<p>Auch auf der ART COLOGNE 2017 ist Hobza vertreten. Am Stand der <a href=\"http:\/\/soycapitan.de\/\">Galerie Soy Capitan<\/a> in Halle 11.3 sind die Werke ausgestellt und man kann sich \u00fcber das Leben der Abenteurerin informieren. Die Berliner Galerie ist zum dritten Mal auf der ART COLOGNE vertreten, dieses Mal im <a href=\"http:\/\/journalcologne.hmkw.de\/kunstundkoeln\/2017\/04\/26\/junge-kunst\/\">neuen Format NEUMARKT<\/a>.<\/p>\n<p><code>[tribulant_slideshow gallery_id=\"24\"]<\/code><\/p>\n","protected":false},"excerpt":{"rendered":"<div class=\"entry-summary\">\nIn der Kunst sind der Fantasie keine Grenzen gesetzt und sie kann&hellip;\n<\/div>\n<div class=\"link-more\"><a href=\"http:\/\/journalcologne.hmkw.de\/kunstundkoeln\/2017\/04\/27\/art-adventure-ueber-die-kunst-von-klara-hobza\/\" class=\"more-link\">Continue reading<span class=\"screen-reader-text\"> &ldquo;Art &amp; Adventure: Die Kunst von Klara Hobza&rdquo;<\/span>&hellip;<\/a><\/div>\n","protected":false},"author":136,"featured_media":1819,"comment_status":"closed","ping_status":"open","sticky":false,"template":"","format":"standard","meta":{"ngg_post_thumbnail":0,"spay_email":"","jetpack_publicize_message":"","jetpack_is_tweetstorm":false},"categories":[3],"tags":[231,230,229],"jetpack_featured_media_url":"https:\/\/i0.wp.com\/journalcologne.hmkw.de\/kunstundkoeln\/wp-content\/uploads\/sites\/21\/2017\/04\/Titelbild3.jpg?fit=4032%2C3024","jetpack_publicize_connections":[],"jetpack_sharing_enabled":true,"jetpack_shortlink":"https:\/\/wp.me\/p63LW5-tb","_links":{"self":[{"href":"http:\/\/journalcologne.hmkw.de\/kunstundkoeln\/wp-json\/wp\/v2\/posts\/1809"}],"collection":[{"href":"http:\/\/journalcologne.hmkw.de\/kunstundkoeln\/wp-json\/wp\/v2\/posts"}],"about":[{"href":"http:\/\/journalcologne.hmkw.de\/kunstundkoeln\/wp-json\/wp\/v2\/types\/post"}],"author":[{"embeddable":true,"href":"http:\/\/journalcologne.hmkw.de\/kunstundkoeln\/wp-json\/wp\/v2\/users\/136"}],"replies":[{"embeddable":true,"href":"http:\/\/journalcologne.hmkw.de\/kunstundkoeln\/wp-json\/wp\/v2\/comments?post=1809"}],"version-history":[{"count":4,"href":"http:\/\/journalcologne.hmkw.de\/kunstundkoeln\/wp-json\/wp\/v2\/posts\/1809\/revisions"}],"predecessor-version":[{"id":1910,"href":"http:\/\/journalcologne.hmkw.de\/kunstundkoeln\/wp-json\/wp\/v2\/posts\/1809\/revisions\/1910"}],"wp:featuredmedia":[{"embeddable":true,"href":"http:\/\/journalcologne.hmkw.de\/kunstundkoeln\/wp-json\/wp\/v2\/media\/1819"}],"wp:attachment":[{"href":"http:\/\/journalcologne.hmkw.de\/kunstundkoeln\/wp-json\/wp\/v2\/media?parent=1809"}],"wp:term":[{"taxonomy":"category","embeddable":true,"href":"http:\/\/journalcologne.hmkw.de\/kunstundkoeln\/wp-json\/wp\/v2\/categories?post=1809"},{"taxonomy":"post_tag","embeddable":true,"href":"http:\/\/journalcologne.hmkw.de\/kunstundkoeln\/wp-json\/wp\/v2\/tags?post=1809"}],"curies":[{"name":"wp","href":"https:\/\/api.w.org\/{rel}","templated":true}]}}