{"id":2034,"date":"2018-04-19T00:37:39","date_gmt":"2018-04-18T22:37:39","guid":{"rendered":"http:\/\/journalcologne.hmkw.de\/kunstundkoeln\/?p=2034"},"modified":"2018-04-20T14:22:18","modified_gmt":"2018-04-20T12:22:18","slug":"art-cologne-2018-influenzer-blicken-aus-einer-anderen-perspektive-auf-die-kunst","status":"publish","type":"post","link":"http:\/\/journalcologne.hmkw.de\/kunstundkoeln\/2018\/04\/19\/art-cologne-2018-influenzer-blicken-aus-einer-anderen-perspektive-auf-die-kunst\/","title":{"rendered":"\u201eInfluencer blicken aus einer anderen Perspektive auf die Kunst\u201c"},"content":{"rendered":"<p><span lang=\"de-DE\">Julia Lemke, Kunsthistorikern und freiberuflich f\u00fcr den Museumsdienst K\u00f6ln unterwegs (Foto Mitte), im Gespr\u00e4ch mit Jane Baruth (Foto links) und&nbsp;Shonai Halfbrodt (Foto rechts) \u00fcber den ersten InstaWalk auf der ART COLOGNE 2018. Lemke sagt: \u201eDas Spannendste an einem InstaWalk ist doch, dass man sehr sch\u00f6n sehen kann, wie verschiedene Menschen die ART COLOGNE wahrnehmen.\u201c<\/span><\/p>\n<p><em><strong><span lang=\"de-DE\">Warum gibt es dieses Jahr einen InstaWalk?<\/span><\/strong><\/em><\/p>\n<p><span lang=\"de-DE\">Julia Lemke: \u201eMeine Kollegin und ich haben uns \u00fcberlegt dieses Jahr das erste Mal einen InstaWalk anzubieten. Es ist zeitgem\u00e4\u00df, Social-Media-Kan\u00e4le insbesondere Instagram, Twitter oder Facebook f\u00fcr die Berichterstattung zu nutzen. Und es ist spannend, junge Leute einzuladen, die zum ersten Mal auf der ART COLOGNE sind. Sie bekommen durch uns einen Einblick und \u00dcberblick \u00fcber die Kunstmesse und k\u00f6nnen dabei Fotos machen und diese in ihren Kan\u00e4len sofort posten. Letztendlich ist es ja so, dass diese Influencer aus einem ganz anderen Blickwinkel auf die Kunst und die Messe blicken und somit nat\u00fcrlich ganz andere Menschen ansprechen. Daher ist f\u00fcr uns das Spannendste an einem InstaWalk, dass man sehr sch\u00f6n sehen kann, wie verschieden Menschen die ART COLOGNE wahrnehmen.&#8220;<\/span><\/p>\n<p><em><strong><span lang=\"de-DE\">Wie genau sieht das Konzept des InstaWalkes aus und was ist das Besondere?<\/span><\/strong><\/em><\/p>\n<p><span lang=\"de-DE\">Julia Lemke: \u201eWir haben 15 Influencer aus der Umgebung K\u00f6lns gesucht und eingeladen, die etwas mit Kultur und Kunst zu tun haben, aber auch etwas im Bereich Lifestyle, Fashion, K\u00f6ln und dem Rheinland machen. Damit wird das Feld der Menschen, die wir erreichen k\u00f6nnen viel gr\u00f6\u00dfer und breiter. Ich f\u00fchre die Gruppe \u00fcber die Messe und dabei hat sie die M\u00f6glichkeit unter dem Hashtag #artcologne2018 Bilder und Videos \u00fcber ihre Social-Media-Kan\u00e4le zu posten. Danach bewegen sie sich selbst\u00e4ndig \u00fcber die Messe oder k\u00f6nnen sich im Anschluss beim \u201eGet together\u201c \u00fcber das Gesehene und Erlebte austauschen.&#8220;<\/span><\/p>\n<p><em><strong><span lang=\"de-DE\">Was wollen Sie mit dem InstaWalk erreichen?<\/span><\/strong><\/em><\/p>\n<p><span lang=\"de-DE\">Julia Lemke: \u201eZum einen wollen wir ein neues Publikum erreichen und neue Blickwinkel auf die Kunst richten. In gewisser Weise nutzen wir dieses Format nat\u00fcrlich auch als eine Art Werbung.&#8220;<\/span><\/p>\n<p><span lang=\"de-DE\"> Shonai Halfbrodt, Jane Baruth<\/span><\/p>\n","protected":false},"excerpt":{"rendered":"<div class=\"entry-summary\">\nJulia Lemke, Kunsthistorikern und freiberuflich f\u00fcr den Museumsdienst K\u00f6ln unterwegs (Foto Mitte),&hellip;\n<\/div>\n<div class=\"link-more\"><a href=\"http:\/\/journalcologne.hmkw.de\/kunstundkoeln\/2018\/04\/19\/art-cologne-2018-influenzer-blicken-aus-einer-anderen-perspektive-auf-die-kunst\/\" class=\"more-link\">Continue reading<span class=\"screen-reader-text\"> &ldquo;\u201eInfluencer blicken aus einer anderen Perspektive auf die Kunst\u201c&rdquo;<\/span>&hellip;<\/a><\/div>\n","protected":false},"author":154,"featured_media":2038,"comment_status":"closed","ping_status":"open","sticky":false,"template":"","format":"standard","meta":{"ngg_post_thumbnail":0,"spay_email":"","jetpack_publicize_message":"","jetpack_is_tweetstorm":false},"categories":[1,5],"tags":[254,285,256,282,284],"jetpack_featured_media_url":"https:\/\/i1.wp.com\/journalcologne.hmkw.de\/kunstundkoeln\/wp-content\/uploads\/sites\/21\/2018\/04\/lemke.jpg?fit=1024%2C683","jetpack_publicize_connections":[],"jetpack_sharing_enabled":true,"jetpack_shortlink":"https:\/\/wp.me\/p63LW5-wO","_links":{"self":[{"href":"http:\/\/journalcologne.hmkw.de\/kunstundkoeln\/wp-json\/wp\/v2\/posts\/2034"}],"collection":[{"href":"http:\/\/journalcologne.hmkw.de\/kunstundkoeln\/wp-json\/wp\/v2\/posts"}],"about":[{"href":"http:\/\/journalcologne.hmkw.de\/kunstundkoeln\/wp-json\/wp\/v2\/types\/post"}],"author":[{"embeddable":true,"href":"http:\/\/journalcologne.hmkw.de\/kunstundkoeln\/wp-json\/wp\/v2\/users\/154"}],"replies":[{"embeddable":true,"href":"http:\/\/journalcologne.hmkw.de\/kunstundkoeln\/wp-json\/wp\/v2\/comments?post=2034"}],"version-history":[{"count":5,"href":"http:\/\/journalcologne.hmkw.de\/kunstundkoeln\/wp-json\/wp\/v2\/posts\/2034\/revisions"}],"predecessor-version":[{"id":2184,"href":"http:\/\/journalcologne.hmkw.de\/kunstundkoeln\/wp-json\/wp\/v2\/posts\/2034\/revisions\/2184"}],"wp:featuredmedia":[{"embeddable":true,"href":"http:\/\/journalcologne.hmkw.de\/kunstundkoeln\/wp-json\/wp\/v2\/media\/2038"}],"wp:attachment":[{"href":"http:\/\/journalcologne.hmkw.de\/kunstundkoeln\/wp-json\/wp\/v2\/media?parent=2034"}],"wp:term":[{"taxonomy":"category","embeddable":true,"href":"http:\/\/journalcologne.hmkw.de\/kunstundkoeln\/wp-json\/wp\/v2\/categories?post=2034"},{"taxonomy":"post_tag","embeddable":true,"href":"http:\/\/journalcologne.hmkw.de\/kunstundkoeln\/wp-json\/wp\/v2\/tags?post=2034"}],"curies":[{"name":"wp","href":"https:\/\/api.w.org\/{rel}","templated":true}]}}