{"id":2126,"date":"2018-04-19T16:01:55","date_gmt":"2018-04-19T14:01:55","guid":{"rendered":"http:\/\/journalcologne.hmkw.de\/kunstundkoeln\/?p=2126"},"modified":"2018-04-20T17:02:00","modified_gmt":"2018-04-20T15:02:00","slug":"julia-stoschek-erhaelt-art-cologne-preis-2018","status":"publish","type":"post","link":"http:\/\/journalcologne.hmkw.de\/kunstundkoeln\/2018\/04\/19\/julia-stoschek-erhaelt-art-cologne-preis-2018\/","title":{"rendered":"D\u00fcsseldorf gewinnt in K\u00f6ln"},"content":{"rendered":"<p><span style=\"font-family: Calibri, sans-serif\"><span style=\"font-size: medium\">Im Hansasaal des Historischen Rathauses der Stadt K\u00f6ln erh\u00e4lt Julia Stoschek den ART COLOGNE Preis 2018. Oberb\u00fcrgermeisterin Henriette Reker empfing namenhafte Galeristen, den Direktor der ART COLOGNE, Daniel Hug, den Vorsitzenden des Bundesverbands deutscher Galeristen und Kunsth\u00e4ndler, Kristian Jarmuschek und Pers\u00f6nlichkeiten des \u00f6ffentlichen Lebens.<br \/>\n<\/span><\/span><\/p>\n<p><span style=\"font-family: Calibri, sans-serif\"><span style=\"font-size: medium\">Die Bedeutung der Messe stand bei allen Rednern fast so sehr im Mittelpunkt, wie die Preistr\u00e4gerin Julia Stoschek. Oberb\u00fcrgermeisterin Reker hob besonders die internationale Ausrichtung der ART COLOGNE 2018 hervor.<\/span><\/span><\/p>\n<p><strong>Medienkunst im Mittelpunkt<\/strong><\/p>\n<p><span style=\"font-family: Calibri, sans-serif\"><span style=\"font-size: medium\">Stoschek erh\u00e4lt besonders von Jarmuschek viel Anerkennung f\u00fcr ihre Arbeit, in deren Mittelpunkt ihre Leidenschaft zum sammeln und vermitteln von Medienkunst steht, f\u00fcr den sie die Auszeichnung erh\u00e4lt.<\/span><\/span><\/p>\n<p><span style=\"font-family: Calibri, sans-serif\"><span style=\"font-size: medium\">Stoschek lobt die K\u00f6lner Kunstmesse und bezeichnet sie als \u201edie wichtigste Messe die wir in Europa haben und eine wichtige Messe in der Welt.\u201c Allerdings steht f\u00fcr sie eines ganz klar im Mittelpunkt: die Medienkunst; ihrer Meinung nach \u201edas ungewollte Kind der digitalisierten modernen Kunst\u201c. <\/span><\/span><\/p>\n<p><span style=\"font-family: Calibri, sans-serif\"><span style=\"font-size: medium\">Wer die Kunstsammlung von Julia Stoschek selbst einmal betrachten m\u00f6chte kann das in D\u00fcsseldorf tun.Dies ist ihre&nbsp;Heimat und dort ist die Julia Stoschek Collection in einer alten Fabrikhalle ausgestellt. Weitere Infos: <\/span><\/span><span style=\"color: #000080\"><span lang=\"zxx\"><u><a href=\"https:\/\/www.julia-stoschek-collection.net\/\">Link zur Julia Stoschek Collection<\/a><\/u><\/span><\/span><\/p>\n<p>EIn Video zur Preisverleihung und ein Interview mit Julia Stoschek finden Sie hier:<\/p>\n<div class=\"jetpack-video-wrapper\"><span class=\"embed-youtube\" style=\"text-align:center; display: block;\"><iframe class='youtube-player' width='1020' height='574' src='https:\/\/www.youtube.com\/embed\/wd_8KVpUCEA?version=3&#038;rel=1&#038;showsearch=0&#038;showinfo=1&#038;iv_load_policy=1&#038;fs=1&#038;hl=de-DE&#038;autohide=2&#038;wmode=transparent' allowfullscreen='true' style='border:0;' sandbox='allow-scripts allow-same-origin allow-popups allow-presentation'><\/iframe><\/span><\/div>\n<p><em>Daniel Nelsen<\/em><\/p>\n","protected":false},"excerpt":{"rendered":"<div class=\"entry-summary\">\nIm Hansasaal des Historischen Rathauses der Stadt K\u00f6ln erh\u00e4lt Julia Stoschek den&hellip;\n<\/div>\n<div class=\"link-more\"><a href=\"http:\/\/journalcologne.hmkw.de\/kunstundkoeln\/2018\/04\/19\/julia-stoschek-erhaelt-art-cologne-preis-2018\/\" class=\"more-link\">Continue reading<span class=\"screen-reader-text\"> &ldquo;D\u00fcsseldorf gewinnt in K\u00f6ln&rdquo;<\/span>&hellip;<\/a><\/div>\n","protected":false},"author":154,"featured_media":2128,"comment_status":"closed","ping_status":"open","sticky":false,"template":"","format":"standard","meta":{"ngg_post_thumbnail":0,"spay_email":"","jetpack_publicize_message":"","jetpack_is_tweetstorm":false},"categories":[1,3],"tags":[259,260,261,258],"jetpack_featured_media_url":"https:\/\/i1.wp.com\/journalcologne.hmkw.de\/kunstundkoeln\/wp-content\/uploads\/sites\/21\/2018\/04\/art_cologne_preis_19042018.jpg?fit=1024%2C777","jetpack_publicize_connections":[],"jetpack_sharing_enabled":true,"jetpack_shortlink":"https:\/\/wp.me\/p63LW5-yi","_links":{"self":[{"href":"http:\/\/journalcologne.hmkw.de\/kunstundkoeln\/wp-json\/wp\/v2\/posts\/2126"}],"collection":[{"href":"http:\/\/journalcologne.hmkw.de\/kunstundkoeln\/wp-json\/wp\/v2\/posts"}],"about":[{"href":"http:\/\/journalcologne.hmkw.de\/kunstundkoeln\/wp-json\/wp\/v2\/types\/post"}],"author":[{"embeddable":true,"href":"http:\/\/journalcologne.hmkw.de\/kunstundkoeln\/wp-json\/wp\/v2\/users\/154"}],"replies":[{"embeddable":true,"href":"http:\/\/journalcologne.hmkw.de\/kunstundkoeln\/wp-json\/wp\/v2\/comments?post=2126"}],"version-history":[{"count":7,"href":"http:\/\/journalcologne.hmkw.de\/kunstundkoeln\/wp-json\/wp\/v2\/posts\/2126\/revisions"}],"predecessor-version":[{"id":2236,"href":"http:\/\/journalcologne.hmkw.de\/kunstundkoeln\/wp-json\/wp\/v2\/posts\/2126\/revisions\/2236"}],"wp:featuredmedia":[{"embeddable":true,"href":"http:\/\/journalcologne.hmkw.de\/kunstundkoeln\/wp-json\/wp\/v2\/media\/2128"}],"wp:attachment":[{"href":"http:\/\/journalcologne.hmkw.de\/kunstundkoeln\/wp-json\/wp\/v2\/media?parent=2126"}],"wp:term":[{"taxonomy":"category","embeddable":true,"href":"http:\/\/journalcologne.hmkw.de\/kunstundkoeln\/wp-json\/wp\/v2\/categories?post=2126"},{"taxonomy":"post_tag","embeddable":true,"href":"http:\/\/journalcologne.hmkw.de\/kunstundkoeln\/wp-json\/wp\/v2\/tags?post=2126"}],"curies":[{"name":"wp","href":"https:\/\/api.w.org\/{rel}","templated":true}]}}