{"id":2167,"date":"2018-04-20T13:51:13","date_gmt":"2018-04-20T11:51:13","guid":{"rendered":"http:\/\/journalcologne.hmkw.de\/kunstundkoeln\/?p=2167"},"modified":"2018-04-20T15:20:51","modified_gmt":"2018-04-20T13:20:51","slug":"ein-stueck-atlanta-in-koeln-jazz-laesst-mensch-und-objekt-verschmelzen","status":"publish","type":"post","link":"http:\/\/journalcologne.hmkw.de\/kunstundkoeln\/2018\/04\/20\/ein-stueck-atlanta-in-koeln-jazz-laesst-mensch-und-objekt-verschmelzen\/","title":{"rendered":"Ein St\u00fcck Atlanta in K\u00f6ln &#8211; Jazz l\u00e4sst Mensch und Objekt verschmelzen"},"content":{"rendered":"<p>In der Galerie Lelong &amp; Co d\u00fcrfte sich jeder D\u00fcsseldorfer am Wohlsten f\u00fchlen. Denn hier h\u00e4ngen die Kunstwerke des K\u00fcnstlers und Kunstprofessors Konrad Klapheck an der Wand. Bekannt war Klapheck f\u00fcr seine industriellen und materialistischen Kunstwerke nach dem Zweiten Weltkrieg.<\/p>\n<p>Ein gro\u00dfes Gem\u00e4lde mit einer l\u00e4chelnden Frau, einem Klavier und einem goldenen Mikrofon begeistert die Besucher der ART COLOGNE 2018. Hierbei handelt es sich um Konrad Klaphecks Werk \u201eTwinklin\u2018\u201c aus dem Jahr 2010.<\/p>\n<p>Erstes Aufsehen in der Kunstszene erregte der damals 20-J\u00e4hrige D\u00fcsseldorfer 1955 f\u00fcr eines seiner ersten Kunstwerke \u201eSchreibmaschine\u201c. Der Sprung von materiellen Objekten zu menschlichen Portraits sorgte f\u00fcr gro\u00dfe Verwunderung, die sich schnell legte, als er Mensch und Objekt miteinander verschmelzen lies. \u201eTwinklin\u2018\u201c beschreibt Klaphecks Liebe zum Jazz. Die abgebildete Frau stammt aus Atlanta und ist Klaphecks Lieblingsmusikerin,&nbsp;Frau Mary Lou Williams.<\/p>\n<p><strong>Schneller Deal<\/strong><\/p>\n<p>Patrice Cotensin, Kunsth\u00e4ndler und Direktor der Galerie Lelong, verkauft das Kunstwerk bereits am ersten Tag, f\u00fcr 70.000\u20ac. Bei dem K\u00e4ufer handelt es sich um einen echten Klapheck-Liebhaber. Schon vorher war er im Besitz einiger Werke des K\u00fcnstlers &nbsp;und wurde von Cotensin direkt kontaktiert. Der H\u00e4ndler vom Stand 11.1 A18&nbsp; ist bislang sehr zufrieden mit der Messe und erhofft sich am Wochenende mehr qualitative als quantitative Besuch.&nbsp;<\/p>\n<p><em>Elias Malki &amp; Daniel Lingen<\/em><\/p>\n","protected":false},"excerpt":{"rendered":"<div class=\"entry-summary\">\nIn der Galerie Lelong &amp; Co d\u00fcrfte sich jeder D\u00fcsseldorfer am Wohlsten&hellip;\n<\/div>\n<div class=\"link-more\"><a href=\"http:\/\/journalcologne.hmkw.de\/kunstundkoeln\/2018\/04\/20\/ein-stueck-atlanta-in-koeln-jazz-laesst-mensch-und-objekt-verschmelzen\/\" class=\"more-link\">Continue reading<span class=\"screen-reader-text\"> &ldquo;Ein St\u00fcck Atlanta in K\u00f6ln &#8211; Jazz l\u00e4sst Mensch und Objekt verschmelzen&rdquo;<\/span>&hellip;<\/a><\/div>\n","protected":false},"author":154,"featured_media":2170,"comment_status":"closed","ping_status":"open","sticky":false,"template":"","format":"standard","meta":{"ngg_post_thumbnail":0,"spay_email":"","jetpack_publicize_message":"","jetpack_is_tweetstorm":false},"categories":[1,3],"tags":[254,276,277],"jetpack_featured_media_url":"https:\/\/i0.wp.com\/journalcologne.hmkw.de\/kunstundkoeln\/wp-content\/uploads\/sites\/21\/2018\/04\/Bildschirmfoto-2018-04-20-um-13.51.57.png?fit=1120%2C838","jetpack_publicize_connections":[],"jetpack_sharing_enabled":true,"jetpack_shortlink":"https:\/\/wp.me\/p63LW5-yX","_links":{"self":[{"href":"http:\/\/journalcologne.hmkw.de\/kunstundkoeln\/wp-json\/wp\/v2\/posts\/2167"}],"collection":[{"href":"http:\/\/journalcologne.hmkw.de\/kunstundkoeln\/wp-json\/wp\/v2\/posts"}],"about":[{"href":"http:\/\/journalcologne.hmkw.de\/kunstundkoeln\/wp-json\/wp\/v2\/types\/post"}],"author":[{"embeddable":true,"href":"http:\/\/journalcologne.hmkw.de\/kunstundkoeln\/wp-json\/wp\/v2\/users\/154"}],"replies":[{"embeddable":true,"href":"http:\/\/journalcologne.hmkw.de\/kunstundkoeln\/wp-json\/wp\/v2\/comments?post=2167"}],"version-history":[{"count":4,"href":"http:\/\/journalcologne.hmkw.de\/kunstundkoeln\/wp-json\/wp\/v2\/posts\/2167\/revisions"}],"predecessor-version":[{"id":2202,"href":"http:\/\/journalcologne.hmkw.de\/kunstundkoeln\/wp-json\/wp\/v2\/posts\/2167\/revisions\/2202"}],"wp:featuredmedia":[{"embeddable":true,"href":"http:\/\/journalcologne.hmkw.de\/kunstundkoeln\/wp-json\/wp\/v2\/media\/2170"}],"wp:attachment":[{"href":"http:\/\/journalcologne.hmkw.de\/kunstundkoeln\/wp-json\/wp\/v2\/media?parent=2167"}],"wp:term":[{"taxonomy":"category","embeddable":true,"href":"http:\/\/journalcologne.hmkw.de\/kunstundkoeln\/wp-json\/wp\/v2\/categories?post=2167"},{"taxonomy":"post_tag","embeddable":true,"href":"http:\/\/journalcologne.hmkw.de\/kunstundkoeln\/wp-json\/wp\/v2\/tags?post=2167"}],"curies":[{"name":"wp","href":"https:\/\/api.w.org\/{rel}","templated":true}]}}