{"id":2198,"date":"2018-04-20T15:09:16","date_gmt":"2018-04-20T13:09:16","guid":{"rendered":"http:\/\/journalcologne.hmkw.de\/kunstundkoeln\/?p=2198"},"modified":"2018-04-20T16:58:01","modified_gmt":"2018-04-20T14:58:01","slug":"ist-das-kunst-oder-kann-das-weg-2","status":"publish","type":"post","link":"http:\/\/journalcologne.hmkw.de\/kunstundkoeln\/2018\/04\/20\/ist-das-kunst-oder-kann-das-weg-2\/","title":{"rendered":"Ist das Kunst oder kann das weg?"},"content":{"rendered":"<p align=\"LEFT\"><em>Das ist keine Kunst, sondern das Fundst\u00fcck &#8222;American Cheesecake&#8220;&nbsp; einer Besucherin der ART COLOGNE.<\/em><\/p>\n<p align=\"LEFT\"><span style=\"color: #26282a\"><span style=\"font-family: Arial, sans-serif\"><span style=\"font-size: medium\">Kunst ist nicht immer offensichtlich. Manchmal findet man sie sogar am Strand oder im M\u00fclleimer. Oft passiert es aber auch, dass man direkt davor steht, aber nicht auf den ersten Blick erkennt, was da eigentlich vor einem steht und warum gerade das jetzt als Kunst bezeichnet werden sollte. <\/span><\/span><\/span><\/p>\n<p align=\"LEFT\"><span style=\"color: #26282a\"><span style=\"font-family: Arial, sans-serif\"><span style=\"font-size: medium\">Das ber\u00fchmteste Beispiel der oben angef\u00fchrten Frage ist vermutlich die \u201eFettecke&#8220; von Joseph Beuys. Dieser brachte 1982 etwa f\u00fcnf Kilogramm Butter an einer Wand der D\u00fcsseldorfer Kunstakademie an. Das Werk bestand bis 1986 ehe der Hausmeister der Einrichtung bei einer Geb\u00e4udereinigung die Fettecke entfernte und das Kunstwerk zunichte machte. Er hatte schlichtweg nicht erkannt, dass es sich bei der mittlerweile ranzigen Butter um das Werk eines K\u00fcnstlers handelte.<\/span><\/span><\/span><\/p>\n<p align=\"LEFT\"><span style=\"color: #26282a\"><span style=\"font-family: Arial, sans-serif\"><span style=\"font-size: medium\">Hier werden vier Kunstwerke der ART COLOGNE vorgestellt, die vielleicht nicht auf den ersten Blick als solche zu erkennen sind.<\/span><\/span><\/span><\/p>\n<p align=\"LEFT\"><span style=\"color: #26282a\"><span style=\"font-family: Arial, sans-serif\"><span style=\"font-size: medium\"><img class=\"details-image\" src=\"https:\/\/i1.wp.com\/journalcologne.hmkw.de\/kunstundkoeln\/wp-content\/uploads\/sites\/21\/2018\/04\/IMG_20180420_123613-Kopie.jpg?resize=1020%2C765\" alt=\"\" data-recalc-dims=\"1\"><\/span><\/span><\/span><\/p>\n<p align=\"LEFT\"><span style=\"color: #26282a\"><em>\u201e<\/em><span style=\"font-family: Arial, sans-serif\"><span style=\"font-size: medium\"><em>The silence of the whale&#8220;<\/em> <\/span><\/span><\/span><\/p>\n<p align=\"LEFT\"><strong>Vorgefunden: Der Wal<\/strong><\/p>\n<p align=\"LEFT\"><span style=\"color: #26282a\">\u201e<span style=\"font-family: Arial, sans-serif\"><span style=\"font-size: medium\">The silence of the whale&#8220; von Lutz Bacher, ausgestellt von der Galerie Buchholz die in K\u00f6ln, Berlin und New York zu finden ist. Das Kunstwerk besteht aus einem in zwei Teile gebrochenen , sichtlich gealtertem und rostigem Anker. Bemerkenswert ist, dass dieses Exponat nicht vom K\u00fcnstler gemacht wurde, sondern so wie es ist, vorgefunden wurde. Eine in den 60er Jahren entstandene Tradition der Kunstwelt, die bis heute Bestand hat.<\/span><\/span><\/span><\/p>\n<p align=\"LEFT\"><span style=\"color: #26282a\"><span style=\"font-family: Arial, sans-serif\"><span style=\"font-size: medium\"><img class=\"details-image\" src=\"https:\/\/i2.wp.com\/journalcologne.hmkw.de\/kunstundkoeln\/wp-content\/uploads\/sites\/21\/2018\/04\/IMG_20180420_113957-Kopie.jpg?resize=1020%2C1360\" alt=\"\" data-recalc-dims=\"1\"><\/span><\/span><\/span><\/p>\n<p align=\"LEFT\"><span style=\"color: #26282a\"><em>\u201e<\/em><span style=\"font-family: Arial, sans-serif\"><span style=\"font-size: medium\"><em>When he was 20 he had an infatuation with Barbara Gladstone but he swore it was not sexual in nature!&#8220;<\/em> <\/span><\/span><\/span><\/p>\n<p align=\"LEFT\"><strong>Verschmolzen: Unsexuell<\/strong><\/p>\n<p align=\"LEFT\"><span style=\"color: #26282a\">\u201e<span style=\"font-family: Arial, sans-serif\"><span style=\"font-size: medium\">When he was 20 he had an infatuation with Barbara Gladstone but he swore it was not sexual in nature!&#8220; Von Dale Frank, ausgestellt von der Neon Parc Galerie aus Melbourne. Auf den ersten Blick sieht dieses Bildnis aus wie ein zusammengeschmolzener Haufen Plastik. Und das ist es im Grunde auch, doch es steckt mehr dahinter. Der K\u00fcnstler gilt als sehr experimentierfreudig und arbeitet gerne mit \u00e4u\u00dferst ungew\u00f6hnlichen und f\u00fcr die Kunst abstrakten Materialien, beispielsweise Blut. Das vorliegende Exponat dient in Verbindung mit seinem Titel entweder als Verarbeitung einer Lebenserfahrung, oder ist einfach nur frei erfunden und ein Produkt des kreativen Wahnsinns seines Erschaffers.<\/span><\/span><\/span><\/p>\n<p align=\"LEFT\"><span style=\"color: #26282a\"><span style=\"font-family: Arial, sans-serif\"><span style=\"font-size: medium\"><img class=\"details-image\" src=\"https:\/\/i2.wp.com\/journalcologne.hmkw.de\/kunstundkoeln\/wp-content\/uploads\/sites\/21\/2018\/04\/IMG_20180420_115520-Kopie.jpg?resize=1020%2C765\" alt=\"\" data-recalc-dims=\"1\"><\/span><\/span><\/span><\/p>\n<p align=\"LEFT\"><span style=\"color: #26282a\"><em>\u201e<\/em><span style=\"font-family: Arial, sans-serif\"><span style=\"font-size: medium\"><em>FOCUS #2 (pussy padding)&#8220;<\/em> <\/span><\/span><\/span><\/p>\n<p align=\"LEFT\"><strong>Aufgenommen: Verrenkt<\/strong><\/p>\n<p align=\"LEFT\"><span style=\"color: #26282a\">\u201e<span style=\"font-family: Arial, sans-serif\"><span style=\"font-size: medium\">FOCUS #2 (pussy padding)&#8220; von Anna Uddenberg, ausgestellt von der Galerie Krupa-Tuskany-Zeidler aus Berlin. Das Werk besteht aus zwei Statuen, die seltsam verrenkt dastehen. Beide sind handgemacht, tragen chaotisch aussehende Kleidung.Eine h\u00e4lt einen Selfie-Stick in der Hand. Die schwedische K\u00fcnstlerin kritisiert hiermit Frauen, die sich st\u00e4ndig verrenken, um den neusten Trends zu folgen und eine verquere Selbstdarstellung von sich selbst erzeugen m\u00f6chten. <\/span><\/span><\/span><\/p>\n<p align=\"LEFT\"><img class=\"details-image\" src=\"https:\/\/i0.wp.com\/journalcologne.hmkw.de\/kunstundkoeln\/wp-content\/uploads\/sites\/21\/2018\/04\/IMG_20180420_123918-Kopie.jpg?resize=1020%2C1360\" alt=\"\" data-recalc-dims=\"1\"><\/p>\n<p align=\"LEFT\"><em>&#8222;Dan Okay&#8220;<\/em><\/p>\n<p align=\"LEFT\"><strong>Verschwei\u00dft: Befreiung<\/strong><\/p>\n<p align=\"LEFT\"><span style=\"color: #26282a\"> \u201e<span style=\"font-family: Arial, sans-serif\"><span style=\"font-size: medium\">Dan Okay&#8220; von Melvin Edwards, ebenfalls ausgestellt von der Galerie Buchholz. Auch dieses Werk ist auf den ersten Blick nichts Besonderes: Eine Kette, ein Vorh\u00e4ngeschloss und einige Metallteile, die scheinbar wahllos zusammengeschwei\u00dft wurden. F\u00fcr Melvin Edwards, einen afroamerikanischen K\u00fcnstler, allerdings ein wichtiges Symbol der B\u00fcrgerrechtsbewegung der 60er Jahre. Das Werk steht f\u00fcr die Befreiung von Vorurteilen, Benachteiligung und Diskriminierung und besitzt damit auch in der heutigen Zeit noch eine gro\u00dfe Relevanz.<\/span><\/span><\/span><\/p>\n<p align=\"LEFT\"><strong>Vermittelt: Kunst<\/strong><\/p>\n<p align=\"LEFT\"><span style=\"color: #26282a\"><span style=\"font-family: Arial, sans-serif\"><span style=\"font-size: medium\">Egal also ob rostiger Anker, scheinbar wahllos zusammengeschmolzenes Plastik oder sogar ranzige Butter: Die einfachsten Dinge sind Kunstwerke, solange sie eine Bedeutung bekommen.<br \/>\n<\/span><\/span><\/span><\/p>\n<p align=\"LEFT\"><em>Lukas Dilsen<\/em><\/p>\n","protected":false},"excerpt":{"rendered":"<div class=\"entry-summary\">\nDas ist keine Kunst, sondern das Fundst\u00fcck &#8222;American Cheesecake&#8220;&nbsp; einer Besucherin der&hellip;\n<\/div>\n<div class=\"link-more\"><a href=\"http:\/\/journalcologne.hmkw.de\/kunstundkoeln\/2018\/04\/20\/ist-das-kunst-oder-kann-das-weg-2\/\" class=\"more-link\">Continue reading<span class=\"screen-reader-text\"> &ldquo;Ist das Kunst oder kann das weg?&rdquo;<\/span>&hellip;<\/a><\/div>\n","protected":false},"author":154,"featured_media":2231,"comment_status":"closed","ping_status":"open","sticky":false,"template":"","format":"standard","meta":{"ngg_post_thumbnail":0,"spay_email":"","jetpack_publicize_message":"","jetpack_is_tweetstorm":false},"categories":[1,27],"tags":[46,83,300,301],"jetpack_featured_media_url":"https:\/\/i0.wp.com\/journalcologne.hmkw.de\/kunstundkoeln\/wp-content\/uploads\/sites\/21\/2018\/04\/kunstundkoeln.jpg?fit=1024%2C658","jetpack_publicize_connections":[],"jetpack_sharing_enabled":true,"jetpack_shortlink":"https:\/\/wp.me\/p63LW5-zs","_links":{"self":[{"href":"http:\/\/journalcologne.hmkw.de\/kunstundkoeln\/wp-json\/wp\/v2\/posts\/2198"}],"collection":[{"href":"http:\/\/journalcologne.hmkw.de\/kunstundkoeln\/wp-json\/wp\/v2\/posts"}],"about":[{"href":"http:\/\/journalcologne.hmkw.de\/kunstundkoeln\/wp-json\/wp\/v2\/types\/post"}],"author":[{"embeddable":true,"href":"http:\/\/journalcologne.hmkw.de\/kunstundkoeln\/wp-json\/wp\/v2\/users\/154"}],"replies":[{"embeddable":true,"href":"http:\/\/journalcologne.hmkw.de\/kunstundkoeln\/wp-json\/wp\/v2\/comments?post=2198"}],"version-history":[{"count":8,"href":"http:\/\/journalcologne.hmkw.de\/kunstundkoeln\/wp-json\/wp\/v2\/posts\/2198\/revisions"}],"predecessor-version":[{"id":2232,"href":"http:\/\/journalcologne.hmkw.de\/kunstundkoeln\/wp-json\/wp\/v2\/posts\/2198\/revisions\/2232"}],"wp:featuredmedia":[{"embeddable":true,"href":"http:\/\/journalcologne.hmkw.de\/kunstundkoeln\/wp-json\/wp\/v2\/media\/2231"}],"wp:attachment":[{"href":"http:\/\/journalcologne.hmkw.de\/kunstundkoeln\/wp-json\/wp\/v2\/media?parent=2198"}],"wp:term":[{"taxonomy":"category","embeddable":true,"href":"http:\/\/journalcologne.hmkw.de\/kunstundkoeln\/wp-json\/wp\/v2\/categories?post=2198"},{"taxonomy":"post_tag","embeddable":true,"href":"http:\/\/journalcologne.hmkw.de\/kunstundkoeln\/wp-json\/wp\/v2\/tags?post=2198"}],"curies":[{"name":"wp","href":"https:\/\/api.w.org\/{rel}","templated":true}]}}