{"id":2203,"date":"2018-04-20T15:25:43","date_gmt":"2018-04-20T13:25:43","guid":{"rendered":"http:\/\/journalcologne.hmkw.de\/kunstundkoeln\/?p=2203"},"modified":"2018-04-20T16:34:56","modified_gmt":"2018-04-20T14:34:56","slug":"geht-nicht-gibts-nicht-fotografien-ohne-kunst-licht","status":"publish","type":"post","link":"http:\/\/journalcologne.hmkw.de\/kunstundkoeln\/2018\/04\/20\/geht-nicht-gibts-nicht-fotografien-ohne-kunst-licht\/","title":{"rendered":"Geht nicht, gibts nicht! Fotografien ohne Kunst-Licht!"},"content":{"rendered":"<p>Das&nbsp;Fotografieren in der Nacht ist ohne Blitz schier unm\u00f6glich. Doch K\u00fcnstler Todd Hido hat sich genau dieser Herausforderung gestellt.&nbsp;<\/p>\n<p>Der US-Amerikaner versucht bei seinen Fotografien auf k\u00fcnstliche Lichteinfl\u00fcsse zu verzichten. In seiner Reihe \u201eHouse Hunting\u201c hat Hido sich auf die Suche nach sch\u00f6nen Motiven gemacht. Das Besondere: Die Motive sollen m\u00f6glichst nur durch nat\u00fcrliches Licht angestrahlt werden.&nbsp;<\/p>\n<p>Hido hat sich in vielen N\u00e4chten vor verschiedene H\u00e4user in seinem Wohnort&nbsp; San Francisco postiert und auf den perfekten Moment gewartet. Er musste viele N\u00e4chte warten, bis die Objekte so vom Mondlicht angestrahlt wurden, dass es in seinen Augen sch\u00f6ne Bilder wurden.&nbsp;<\/p>\n<p>Doch eine einzige Ausnahme macht der K\u00fcnstler, n\u00e4mlich bei Stra\u00dfenlaternen. Diese akzeptiert er als Lichtquelle, obwohl diese nicht nat\u00fcrlich ist.&nbsp;<\/p>\n<p>Die Fotografieren bewegen sich eher im gehobenen Preissegment.&nbsp; Einzelne Bilder sind ab 12.000 Euro in der Kaune Contemporary Gallery zu erhalten.&nbsp;<\/p>\n<p><em>Daniel Fl\u00f6rke<\/em><\/p>\n","protected":false},"excerpt":{"rendered":"<div class=\"entry-summary\">\nDas&nbsp;Fotografieren in der Nacht ist ohne Blitz schier unm\u00f6glich. Doch K\u00fcnstler Todd&hellip;\n<\/div>\n<div class=\"link-more\"><a href=\"http:\/\/journalcologne.hmkw.de\/kunstundkoeln\/2018\/04\/20\/geht-nicht-gibts-nicht-fotografien-ohne-kunst-licht\/\" class=\"more-link\">Continue reading<span class=\"screen-reader-text\"> &ldquo;Geht nicht, gibts nicht! Fotografien ohne Kunst-Licht!&rdquo;<\/span>&hellip;<\/a><\/div>\n","protected":false},"author":154,"featured_media":2212,"comment_status":"closed","ping_status":"open","sticky":false,"template":"","format":"standard","meta":{"ngg_post_thumbnail":0,"spay_email":"","jetpack_publicize_message":"","jetpack_is_tweetstorm":false},"categories":[1,3],"tags":[254,303,306,305,304,302],"jetpack_featured_media_url":"https:\/\/i2.wp.com\/journalcologne.hmkw.de\/kunstundkoeln\/wp-content\/uploads\/sites\/21\/2018\/04\/IMG_4024.jpg?fit=3264%2C2448","jetpack_publicize_connections":[],"jetpack_sharing_enabled":true,"jetpack_shortlink":"https:\/\/wp.me\/p63LW5-zx","_links":{"self":[{"href":"http:\/\/journalcologne.hmkw.de\/kunstundkoeln\/wp-json\/wp\/v2\/posts\/2203"}],"collection":[{"href":"http:\/\/journalcologne.hmkw.de\/kunstundkoeln\/wp-json\/wp\/v2\/posts"}],"about":[{"href":"http:\/\/journalcologne.hmkw.de\/kunstundkoeln\/wp-json\/wp\/v2\/types\/post"}],"author":[{"embeddable":true,"href":"http:\/\/journalcologne.hmkw.de\/kunstundkoeln\/wp-json\/wp\/v2\/users\/154"}],"replies":[{"embeddable":true,"href":"http:\/\/journalcologne.hmkw.de\/kunstundkoeln\/wp-json\/wp\/v2\/comments?post=2203"}],"version-history":[{"count":4,"href":"http:\/\/journalcologne.hmkw.de\/kunstundkoeln\/wp-json\/wp\/v2\/posts\/2203\/revisions"}],"predecessor-version":[{"id":2222,"href":"http:\/\/journalcologne.hmkw.de\/kunstundkoeln\/wp-json\/wp\/v2\/posts\/2203\/revisions\/2222"}],"wp:featuredmedia":[{"embeddable":true,"href":"http:\/\/journalcologne.hmkw.de\/kunstundkoeln\/wp-json\/wp\/v2\/media\/2212"}],"wp:attachment":[{"href":"http:\/\/journalcologne.hmkw.de\/kunstundkoeln\/wp-json\/wp\/v2\/media?parent=2203"}],"wp:term":[{"taxonomy":"category","embeddable":true,"href":"http:\/\/journalcologne.hmkw.de\/kunstundkoeln\/wp-json\/wp\/v2\/categories?post=2203"},{"taxonomy":"post_tag","embeddable":true,"href":"http:\/\/journalcologne.hmkw.de\/kunstundkoeln\/wp-json\/wp\/v2\/tags?post=2203"}],"curies":[{"name":"wp","href":"https:\/\/api.w.org\/{rel}","templated":true}]}}