{"id":2215,"date":"2018-04-20T16:30:15","date_gmt":"2018-04-20T14:30:15","guid":{"rendered":"http:\/\/journalcologne.hmkw.de\/kunstundkoeln\/?p=2215"},"modified":"2018-04-20T16:41:26","modified_gmt":"2018-04-20T14:41:26","slug":"galerist-georg-nothelfer-will-etwas-bewegen","status":"publish","type":"post","link":"http:\/\/journalcologne.hmkw.de\/kunstundkoeln\/2018\/04\/20\/galerist-georg-nothelfer-will-etwas-bewegen\/","title":{"rendered":"Galerist Georg Nothelfer will Etwas bewegen"},"content":{"rendered":"<p>Wir schreiben das Jahr 1971. Der kulturbegeisterte Georg Nothelfer beschlie\u00dft einen eigenen Kunsthandel f\u00fcr moderne Kunst in seiner Heimatstadt Berlin zu er\u00f6ffnen. Damit geh\u00f6rt seine Galerie zu einer der \u00c4ltesten der Stadt. Nothelfer konzentriert sich auf Werke der abstrakten Kunst. Er hat es geschafft seine Galerie auf dem schnell wandelnden Kunstmarkt zu etablieren. Das gelingt nicht Vielen.&nbsp;<\/p>\n<p>Doch mit seiner Galerie will das Urgestein des Berliner Kunsthandels sich dem kunstfeindlichen Klima in der Politik widersetzen und Etwas bewegen. \u201eEs herrscht ein kunstfeindliches Klima in der Politik. Bis vor Kurzem gab es in unserer Hauptstadt Berlin nicht mal eine Kunsthalle.\u201c Daher gr\u00fcndet er einen kleinen Skulpturengarten, der ausschlie\u00dflich f\u00fcr Vorlesungen, Vortr\u00e4ge und Ausstellungen zur Kunst dienen soll.<\/p>\n<p>Nothelfer will Politikern zeigen, wie wichtig Kunst ist und dass sie zur Entwicklung der Gesellschaft dazugeh\u00f6rt. Zu seinen Grundtugenden geh\u00f6rt der unb\u00e4ndige Wille: \u201eWenn man etwas durchdacht hat und von der Notwendigkeit \u00fcberzeugt ist, muss man unbeirrt vorw\u00e4rts vorgehen, dann schafft man es\u201c, sagt er.<\/p>\n<p>2018 ist es endlich soweit. Im Sp\u00e4tsommer er\u00f6ffnet die Stadt Berlin die \u201eDeutsche Bank Kunsthalle\u201c. Sicherlich ist dies auch ein Verdienst von Urgestein Nothelfer.<\/p>\n<p><em>Elias Malki &amp; Daniel Lingen<\/em><\/p>\n","protected":false},"excerpt":{"rendered":"<div class=\"entry-summary\">\nWir schreiben das Jahr 1971. Der kulturbegeisterte Georg Nothelfer beschlie\u00dft einen eigenen&hellip;\n<\/div>\n<div class=\"link-more\"><a href=\"http:\/\/journalcologne.hmkw.de\/kunstundkoeln\/2018\/04\/20\/galerist-georg-nothelfer-will-etwas-bewegen\/\" class=\"more-link\">Continue reading<span class=\"screen-reader-text\"> &ldquo;Galerist Georg Nothelfer will Etwas bewegen&rdquo;<\/span>&hellip;<\/a><\/div>\n","protected":false},"author":154,"featured_media":2219,"comment_status":"closed","ping_status":"open","sticky":false,"template":"","format":"standard","meta":{"ngg_post_thumbnail":0,"spay_email":"","jetpack_publicize_message":"","jetpack_is_tweetstorm":false},"categories":[1,3],"tags":[308,254,307,309,267,53],"jetpack_featured_media_url":"https:\/\/i1.wp.com\/journalcologne.hmkw.de\/kunstundkoeln\/wp-content\/uploads\/sites\/21\/2018\/04\/Bildschirmfoto-2018-04-20-um-16.27.56.png?fit=1126%2C768","jetpack_publicize_connections":[],"jetpack_sharing_enabled":true,"jetpack_shortlink":"https:\/\/wp.me\/p63LW5-zJ","_links":{"self":[{"href":"http:\/\/journalcologne.hmkw.de\/kunstundkoeln\/wp-json\/wp\/v2\/posts\/2215"}],"collection":[{"href":"http:\/\/journalcologne.hmkw.de\/kunstundkoeln\/wp-json\/wp\/v2\/posts"}],"about":[{"href":"http:\/\/journalcologne.hmkw.de\/kunstundkoeln\/wp-json\/wp\/v2\/types\/post"}],"author":[{"embeddable":true,"href":"http:\/\/journalcologne.hmkw.de\/kunstundkoeln\/wp-json\/wp\/v2\/users\/154"}],"replies":[{"embeddable":true,"href":"http:\/\/journalcologne.hmkw.de\/kunstundkoeln\/wp-json\/wp\/v2\/comments?post=2215"}],"version-history":[{"count":3,"href":"http:\/\/journalcologne.hmkw.de\/kunstundkoeln\/wp-json\/wp\/v2\/posts\/2215\/revisions"}],"predecessor-version":[{"id":2227,"href":"http:\/\/journalcologne.hmkw.de\/kunstundkoeln\/wp-json\/wp\/v2\/posts\/2215\/revisions\/2227"}],"wp:featuredmedia":[{"embeddable":true,"href":"http:\/\/journalcologne.hmkw.de\/kunstundkoeln\/wp-json\/wp\/v2\/media\/2219"}],"wp:attachment":[{"href":"http:\/\/journalcologne.hmkw.de\/kunstundkoeln\/wp-json\/wp\/v2\/media?parent=2215"}],"wp:term":[{"taxonomy":"category","embeddable":true,"href":"http:\/\/journalcologne.hmkw.de\/kunstundkoeln\/wp-json\/wp\/v2\/categories?post=2215"},{"taxonomy":"post_tag","embeddable":true,"href":"http:\/\/journalcologne.hmkw.de\/kunstundkoeln\/wp-json\/wp\/v2\/tags?post=2215"}],"curies":[{"name":"wp","href":"https:\/\/api.w.org\/{rel}","templated":true}]}}