{"id":476,"date":"2015-04-18T19:52:31","date_gmt":"2015-04-18T17:52:31","guid":{"rendered":"http:\/\/journalcologne.hmkw.de\/kunstundkoeln\/?p=476"},"modified":"2015-04-18T20:58:29","modified_gmt":"2015-04-18T18:58:29","slug":"gaffel-koelsch-glas-award-2015","status":"publish","type":"post","link":"http:\/\/journalcologne.hmkw.de\/kunstundkoeln\/2015\/04\/18\/gaffel-koelsch-glas-award-2015\/","title":{"rendered":"Gaffel K\u00f6lsch Glas Award 2015"},"content":{"rendered":"<p>Auf der diesj\u00e4hrigen Art Cologne wurde zum vierten Mal der <strong>Gaffel K\u00f6lsch Glas Award<\/strong> verliehen. Dieses Jahr war <strong>Matthias Conrady<\/strong> der gl\u00fcckliche Gewinner. Der Wettbewerb, dessen Preis mit 1.111 Euro dotiert ist, wird jedes Jahr an der <strong>Kunsthochschule f\u00fcr Medien<\/strong> (KHM) ausgeschrieben.<\/p>\n<p>Zwischen der Brauerei Gaffel und der Art Cologne besteht bereits seit 1993 eine Kooperation, die jungen K\u00fcnstlern, wie Matthias Conrady eine Plattform gibt, um sich selbst und seine Arbeiten \u00f6ffentlich zu pr\u00e4sentieren. Das aktuelle Gewinnerglas wurde in einer St\u00fcckzahl von 1.500 Stangen produziert und wird sowohl auf der Art Cologne, als auch im \u201eGaffel am Dom\u201c ausgestellt.<\/p>\n<figure id=\"attachment_480\" aria-describedby=\"caption-attachment-480\" style=\"width: 632px\" class=\"wp-caption alignnone\"><a href=\"https:\/\/i1.wp.com\/journalcologne.hmkw.de\/kunstundkoeln\/wp-content\/uploads\/sites\/21\/2015\/04\/Bild-18.jpg\"><img data-attachment-id=\"480\" data-permalink=\"http:\/\/journalcologne.hmkw.de\/kunstundkoeln\/2015\/04\/18\/gaffel-koelsch-glas-award-2015\/bild-1-2\/\" data-orig-file=\"https:\/\/i1.wp.com\/journalcologne.hmkw.de\/kunstundkoeln\/wp-content\/uploads\/sites\/21\/2015\/04\/Bild-18.jpg?fit=4272%2C2848\" data-orig-size=\"4272,2848\" data-comments-opened=\"0\" data-image-meta=\"{&quot;aperture&quot;:&quot;4.5&quot;,&quot;credit&quot;:&quot;&quot;,&quot;camera&quot;:&quot;Canon EOS 1100D&quot;,&quot;caption&quot;:&quot;&quot;,&quot;created_timestamp&quot;:&quot;1429366240&quot;,&quot;copyright&quot;:&quot;&quot;,&quot;focal_length&quot;:&quot;18&quot;,&quot;iso&quot;:&quot;640&quot;,&quot;shutter_speed&quot;:&quot;0.0333333333333&quot;,&quot;title&quot;:&quot;&quot;,&quot;orientation&quot;:&quot;1&quot;}\" data-image-title=\"Bild 1\" data-image-description=\"\" data-medium-file=\"https:\/\/i1.wp.com\/journalcologne.hmkw.de\/kunstundkoeln\/wp-content\/uploads\/sites\/21\/2015\/04\/Bild-18.jpg?fit=632%2C421\" data-large-file=\"https:\/\/i1.wp.com\/journalcologne.hmkw.de\/kunstundkoeln\/wp-content\/uploads\/sites\/21\/2015\/04\/Bild-18.jpg?fit=1020%2C680\" loading=\"lazy\" class=\"wp-image-480 size-medium\" src=\"https:\/\/i1.wp.com\/journalcologne.hmkw.de\/kunstundkoeln\/wp-content\/uploads\/sites\/21\/2015\/04\/Bild-18.jpg?resize=632%2C421\" alt=\"Bild 1\" width=\"632\" height=\"421\" srcset=\"https:\/\/i1.wp.com\/journalcologne.hmkw.de\/kunstundkoeln\/wp-content\/uploads\/sites\/21\/2015\/04\/Bild-18.jpg?resize=632%2C421 632w, https:\/\/i1.wp.com\/journalcologne.hmkw.de\/kunstundkoeln\/wp-content\/uploads\/sites\/21\/2015\/04\/Bild-18.jpg?resize=420%2C280 420w, https:\/\/i1.wp.com\/journalcologne.hmkw.de\/kunstundkoeln\/wp-content\/uploads\/sites\/21\/2015\/04\/Bild-18.jpg?resize=1020%2C680 1020w, https:\/\/i1.wp.com\/journalcologne.hmkw.de\/kunstundkoeln\/wp-content\/uploads\/sites\/21\/2015\/04\/Bild-18.jpg?resize=600%2C400 600w, https:\/\/i1.wp.com\/journalcologne.hmkw.de\/kunstundkoeln\/wp-content\/uploads\/sites\/21\/2015\/04\/Bild-18.jpg?w=2040 2040w, https:\/\/i1.wp.com\/journalcologne.hmkw.de\/kunstundkoeln\/wp-content\/uploads\/sites\/21\/2015\/04\/Bild-18.jpg?w=3060 3060w\" sizes=\"(max-width: 632px) 100vw, 632px\" data-recalc-dims=\"1\" \/><\/a><figcaption id=\"caption-attachment-480\" class=\"wp-caption-text\">von links: Daniel Hug (Direktor Art Cologne), Matthias Conrady (Gewinner K\u00f6lschglas Award), Peter Leinhausen (Brauerei Gaffel)<\/figcaption><\/figure>\n<p>Matthias Conrady belegt den Studiengang &#8222;Mediale K\u00fcnste&#8220; an der KHM und ist ein gro\u00dfer Verfechter der \u201eFanzine\u201c (Kombination aus Fan und Magazin). Folglich erstellen Fans eines beliebigen Themas Artikel und Bilder f\u00fcr Gleichgesinnte. F\u00fcr den 26-j\u00e4hrigen sind Publikationen eine Art der Bewegung und Dynamik, die auch in seiner Gestaltung des K\u00f6lsch-Glases wiederzufinden ist:<\/p>\n<p>\u201eDieser Satz wurde vom K\u00fcnstler Matthias Conrady formuliert und handschriftlich auf Papier gebracht, anschlie\u00dfend digitalisiert und in keramischen Siebdruckverfahren maschinell auf 1.500 K\u00f6lschstangen reproduziert, um schlie\u00dflich \u00fcber Bierausschank distribuiert zu werden.\u201c<\/p>\n<p><em>Autoren: Lukas Eckert &amp; Torsten Dittmann<\/em><\/p>\n","protected":false},"excerpt":{"rendered":"<div class=\"entry-summary\">\nAuf der diesj\u00e4hrigen Art Cologne wurde zum vierten Mal der Gaffel K\u00f6lsch&hellip;\n<\/div>\n<div class=\"link-more\"><a href=\"http:\/\/journalcologne.hmkw.de\/kunstundkoeln\/2015\/04\/18\/gaffel-koelsch-glas-award-2015\/\" class=\"more-link\">Continue reading<span class=\"screen-reader-text\"> &ldquo;Gaffel K\u00f6lsch Glas Award 2015&rdquo;<\/span>&hellip;<\/a><\/div>\n","protected":false},"author":19,"featured_media":478,"comment_status":"closed","ping_status":"open","sticky":false,"template":"","format":"standard","meta":{"ngg_post_thumbnail":0,"spay_email":"","jetpack_publicize_message":"","jetpack_is_tweetstorm":false},"categories":[3,6],"tags":[63,62,61,31],"jetpack_featured_media_url":"https:\/\/i2.wp.com\/journalcologne.hmkw.de\/kunstundkoeln\/wp-content\/uploads\/sites\/21\/2015\/04\/Titelbild.jpg?fit=1068%2C1146","jetpack_publicize_connections":[],"jetpack_sharing_enabled":true,"jetpack_shortlink":"https:\/\/wp.me\/p63LW5-7G","_links":{"self":[{"href":"http:\/\/journalcologne.hmkw.de\/kunstundkoeln\/wp-json\/wp\/v2\/posts\/476"}],"collection":[{"href":"http:\/\/journalcologne.hmkw.de\/kunstundkoeln\/wp-json\/wp\/v2\/posts"}],"about":[{"href":"http:\/\/journalcologne.hmkw.de\/kunstundkoeln\/wp-json\/wp\/v2\/types\/post"}],"author":[{"embeddable":true,"href":"http:\/\/journalcologne.hmkw.de\/kunstundkoeln\/wp-json\/wp\/v2\/users\/19"}],"replies":[{"embeddable":true,"href":"http:\/\/journalcologne.hmkw.de\/kunstundkoeln\/wp-json\/wp\/v2\/comments?post=476"}],"version-history":[{"count":4,"href":"http:\/\/journalcologne.hmkw.de\/kunstundkoeln\/wp-json\/wp\/v2\/posts\/476\/revisions"}],"predecessor-version":[{"id":486,"href":"http:\/\/journalcologne.hmkw.de\/kunstundkoeln\/wp-json\/wp\/v2\/posts\/476\/revisions\/486"}],"wp:featuredmedia":[{"embeddable":true,"href":"http:\/\/journalcologne.hmkw.de\/kunstundkoeln\/wp-json\/wp\/v2\/media\/478"}],"wp:attachment":[{"href":"http:\/\/journalcologne.hmkw.de\/kunstundkoeln\/wp-json\/wp\/v2\/media?parent=476"}],"wp:term":[{"taxonomy":"category","embeddable":true,"href":"http:\/\/journalcologne.hmkw.de\/kunstundkoeln\/wp-json\/wp\/v2\/categories?post=476"},{"taxonomy":"post_tag","embeddable":true,"href":"http:\/\/journalcologne.hmkw.de\/kunstundkoeln\/wp-json\/wp\/v2\/tags?post=476"}],"curies":[{"name":"wp","href":"https:\/\/api.w.org\/{rel}","templated":true}]}}