{"id":49,"date":"2015-04-15T15:52:12","date_gmt":"2015-04-15T13:52:12","guid":{"rendered":"http:\/\/journalcologne.hmkw.de\/kunstundkoeln\/?p=49"},"modified":"2015-04-15T15:57:24","modified_gmt":"2015-04-15T13:57:24","slug":"eine-kunstmesse-wird-aufgebaut","status":"publish","type":"post","link":"http:\/\/journalcologne.hmkw.de\/kunstundkoeln\/2015\/04\/15\/eine-kunstmesse-wird-aufgebaut\/","title":{"rendered":"Eine Kunstmesse wird aufgebaut"},"content":{"rendered":"<p><a href=\"https:\/\/i0.wp.com\/journalcologne.hmkw.de\/kunstundkoeln\/wp-content\/uploads\/sites\/21\/2015\/04\/MG_2652.jpg\"><img data-attachment-id=\"62\" data-permalink=\"http:\/\/journalcologne.hmkw.de\/kunstundkoeln\/2015\/04\/15\/eine-kunstmesse-wird-aufgebaut\/_mg_2652\/\" data-orig-file=\"https:\/\/i0.wp.com\/journalcologne.hmkw.de\/kunstundkoeln\/wp-content\/uploads\/sites\/21\/2015\/04\/MG_2652.jpg?fit=5472%2C3648\" data-orig-size=\"5472,3648\" data-comments-opened=\"1\" data-image-meta=\"{&quot;aperture&quot;:&quot;1044326263&quot;,&quot;credit&quot;:&quot;&quot;,&quot;camera&quot;:&quot;*&quot;,&quot;caption&quot;:&quot;&quot;,&quot;created_timestamp&quot;:&quot;&quot;,&quot;copyright&quot;:&quot;&quot;,&quot;focal_length&quot;:&quot;65536\\\/0&quot;,&quot;iso&quot;:&quot;500&quot;,&quot;shutter_speed&quot;:&quot;2.57714720183&quot;,&quot;title&quot;:&quot;&quot;,&quot;orientation&quot;:&quot;1&quot;}\" data-image-title=\"_MG_2652\" data-image-description=\"\" data-medium-file=\"https:\/\/i0.wp.com\/journalcologne.hmkw.de\/kunstundkoeln\/wp-content\/uploads\/sites\/21\/2015\/04\/MG_2652.jpg?fit=632%2C421\" data-large-file=\"https:\/\/i0.wp.com\/journalcologne.hmkw.de\/kunstundkoeln\/wp-content\/uploads\/sites\/21\/2015\/04\/MG_2652.jpg?fit=1020%2C680\" loading=\"lazy\" class=\"alignright  wp-image-62\" src=\"https:\/\/i0.wp.com\/journalcologne.hmkw.de\/kunstundkoeln\/wp-content\/uploads\/sites\/21\/2015\/04\/MG_2652.jpg?resize=227%2C151\" alt=\"_MG_2652\" width=\"227\" height=\"151\" srcset=\"https:\/\/i0.wp.com\/journalcologne.hmkw.de\/kunstundkoeln\/wp-content\/uploads\/sites\/21\/2015\/04\/MG_2652.jpg?resize=420%2C280 420w, https:\/\/i0.wp.com\/journalcologne.hmkw.de\/kunstundkoeln\/wp-content\/uploads\/sites\/21\/2015\/04\/MG_2652.jpg?resize=632%2C421 632w, https:\/\/i0.wp.com\/journalcologne.hmkw.de\/kunstundkoeln\/wp-content\/uploads\/sites\/21\/2015\/04\/MG_2652.jpg?resize=1020%2C680 1020w, https:\/\/i0.wp.com\/journalcologne.hmkw.de\/kunstundkoeln\/wp-content\/uploads\/sites\/21\/2015\/04\/MG_2652.jpg?resize=600%2C400 600w, https:\/\/i0.wp.com\/journalcologne.hmkw.de\/kunstundkoeln\/wp-content\/uploads\/sites\/21\/2015\/04\/MG_2652.jpg?w=2040 2040w, https:\/\/i0.wp.com\/journalcologne.hmkw.de\/kunstundkoeln\/wp-content\/uploads\/sites\/21\/2015\/04\/MG_2652.jpg?w=3060 3060w\" sizes=\"(max-width: 227px) 100vw, 227px\" data-recalc-dims=\"1\" \/><\/a>Kunst ist in einem h\u00f6heren Sinne, wie Theodor W. Adorno in seiner &#8222;\u00c4sthetischen Theorie&#8220; schrieb, unfertig. Vielleicht ist es darum Kennzeichen der Art Cologne als der Welt \u00e4ltesten Kunstmesse, irgendwie nicht fertig zu werden. Jedenfalls nicht rechtzeitig. Da wird noch geschraubt und gebohrt, geh\u00e4ngt und verlegt. Hier schwingt jemand, wenn auch <img data-attachment-id=\"66\" data-permalink=\"http:\/\/journalcologne.hmkw.de\/kunstundkoeln\/2015\/04\/15\/eine-kunstmesse-wird-aufgebaut\/_mg_2745\/\" data-orig-file=\"https:\/\/i1.wp.com\/journalcologne.hmkw.de\/kunstundkoeln\/wp-content\/uploads\/sites\/21\/2015\/04\/MG_2745.jpg?fit=5472%2C3648\" data-orig-size=\"5472,3648\" data-comments-opened=\"1\" data-image-meta=\"{&quot;aperture&quot;:&quot;1044326263&quot;,&quot;credit&quot;:&quot;&quot;,&quot;camera&quot;:&quot;*&quot;,&quot;caption&quot;:&quot;&quot;,&quot;created_timestamp&quot;:&quot;&quot;,&quot;copyright&quot;:&quot;&quot;,&quot;focal_length&quot;:&quot;65536\\\/0&quot;,&quot;iso&quot;:&quot;500&quot;,&quot;shutter_speed&quot;:&quot;2.57714720183&quot;,&quot;title&quot;:&quot;&quot;,&quot;orientation&quot;:&quot;1&quot;}\" data-image-title=\"_MG_2745\" data-image-description=\"\" data-medium-file=\"https:\/\/i1.wp.com\/journalcologne.hmkw.de\/kunstundkoeln\/wp-content\/uploads\/sites\/21\/2015\/04\/MG_2745.jpg?fit=632%2C421\" data-large-file=\"https:\/\/i1.wp.com\/journalcologne.hmkw.de\/kunstundkoeln\/wp-content\/uploads\/sites\/21\/2015\/04\/MG_2745.jpg?fit=1020%2C680\" loading=\"lazy\" class=\"  wp-image-66 alignleft\" src=\"https:\/\/i1.wp.com\/journalcologne.hmkw.de\/kunstundkoeln\/wp-content\/uploads\/sites\/21\/2015\/04\/MG_2745.jpg?resize=262%2C175\" alt=\"_MG_2745\" width=\"262\" height=\"175\" srcset=\"https:\/\/i1.wp.com\/journalcologne.hmkw.de\/kunstundkoeln\/wp-content\/uploads\/sites\/21\/2015\/04\/MG_2745.jpg?resize=420%2C280 420w, https:\/\/i1.wp.com\/journalcologne.hmkw.de\/kunstundkoeln\/wp-content\/uploads\/sites\/21\/2015\/04\/MG_2745.jpg?resize=632%2C421 632w, https:\/\/i1.wp.com\/journalcologne.hmkw.de\/kunstundkoeln\/wp-content\/uploads\/sites\/21\/2015\/04\/MG_2745.jpg?resize=1020%2C680 1020w, https:\/\/i1.wp.com\/journalcologne.hmkw.de\/kunstundkoeln\/wp-content\/uploads\/sites\/21\/2015\/04\/MG_2745.jpg?resize=600%2C400 600w, https:\/\/i1.wp.com\/journalcologne.hmkw.de\/kunstundkoeln\/wp-content\/uploads\/sites\/21\/2015\/04\/MG_2745.jpg?w=2040 2040w, https:\/\/i1.wp.com\/journalcologne.hmkw.de\/kunstundkoeln\/wp-content\/uploads\/sites\/21\/2015\/04\/MG_2745.jpg?w=3060 3060w\" sizes=\"(max-width: 262px) 100vw, 262px\" data-recalc-dims=\"1\" \/>kunstvoll, noch den Staubsauger. Dort wird mit Bohrmaschine und Hammer der Widerst\u00e4ndigkeit des Kunstwerks mit rabiaten Mitteln zu Leibe ger\u00fcckt &#8212; wenn das Adorno w\u00fcsste!<\/p>\n<p>Nat\u00fcrlich will man sich als Messe wie als Aussteller<img data-attachment-id=\"61\" data-permalink=\"http:\/\/journalcologne.hmkw.de\/kunstundkoeln\/2015\/04\/15\/eine-kunstmesse-wird-aufgebaut\/_mg_2654\/\" data-orig-file=\"https:\/\/i0.wp.com\/journalcologne.hmkw.de\/kunstundkoeln\/wp-content\/uploads\/sites\/21\/2015\/04\/MG_2654.jpg?fit=5472%2C3648\" data-orig-size=\"5472,3648\" data-comments-opened=\"1\" data-image-meta=\"{&quot;aperture&quot;:&quot;1044326263&quot;,&quot;credit&quot;:&quot;&quot;,&quot;camera&quot;:&quot;*&quot;,&quot;caption&quot;:&quot;&quot;,&quot;created_timestamp&quot;:&quot;&quot;,&quot;copyright&quot;:&quot;&quot;,&quot;focal_length&quot;:&quot;65536\\\/0&quot;,&quot;iso&quot;:&quot;500&quot;,&quot;shutter_speed&quot;:&quot;2.57714720183&quot;,&quot;title&quot;:&quot;&quot;,&quot;orientation&quot;:&quot;1&quot;}\" data-image-title=\"_MG_2654\" data-image-description=\"\" data-medium-file=\"https:\/\/i0.wp.com\/journalcologne.hmkw.de\/kunstundkoeln\/wp-content\/uploads\/sites\/21\/2015\/04\/MG_2654.jpg?fit=632%2C421\" data-large-file=\"https:\/\/i0.wp.com\/journalcologne.hmkw.de\/kunstundkoeln\/wp-content\/uploads\/sites\/21\/2015\/04\/MG_2654.jpg?fit=1020%2C680\" loading=\"lazy\" class=\"  wp-image-61 alignright\" src=\"https:\/\/i0.wp.com\/journalcologne.hmkw.de\/kunstundkoeln\/wp-content\/uploads\/sites\/21\/2015\/04\/MG_2654.jpg?resize=285%2C190\" alt=\"_MG_2654\" width=\"285\" height=\"190\" srcset=\"https:\/\/i0.wp.com\/journalcologne.hmkw.de\/kunstundkoeln\/wp-content\/uploads\/sites\/21\/2015\/04\/MG_2654.jpg?resize=420%2C280 420w, https:\/\/i0.wp.com\/journalcologne.hmkw.de\/kunstundkoeln\/wp-content\/uploads\/sites\/21\/2015\/04\/MG_2654.jpg?resize=632%2C421 632w, https:\/\/i0.wp.com\/journalcologne.hmkw.de\/kunstundkoeln\/wp-content\/uploads\/sites\/21\/2015\/04\/MG_2654.jpg?resize=1020%2C680 1020w, https:\/\/i0.wp.com\/journalcologne.hmkw.de\/kunstundkoeln\/wp-content\/uploads\/sites\/21\/2015\/04\/MG_2654.jpg?resize=600%2C400 600w, https:\/\/i0.wp.com\/journalcologne.hmkw.de\/kunstundkoeln\/wp-content\/uploads\/sites\/21\/2015\/04\/MG_2654.jpg?w=2040 2040w, https:\/\/i0.wp.com\/journalcologne.hmkw.de\/kunstundkoeln\/wp-content\/uploads\/sites\/21\/2015\/04\/MG_2654.jpg?w=3060 3060w\" sizes=\"(max-width: 285px) 100vw, 285px\" data-recalc-dims=\"1\" \/> von seiner besten Seite pr\u00e4sentieren und putzt sich deswegen heraus, wie es nur geht. Aber der Termin der Messeer\u00f6ffnung kommt ja nicht wirklich \u00fcberraschend: H\u00e4tte man mit dem Unfertigen nicht etwas fr\u00fcher fertig werden k\u00f6nnen?<\/p>\n<p><img data-attachment-id=\"58\" data-permalink=\"http:\/\/journalcologne.hmkw.de\/kunstundkoeln\/2015\/04\/15\/eine-kunstmesse-wird-aufgebaut\/_mg_2627\/\" data-orig-file=\"https:\/\/i0.wp.com\/journalcologne.hmkw.de\/kunstundkoeln\/wp-content\/uploads\/sites\/21\/2015\/04\/MG_2627.jpg?fit=5472%2C3648\" data-orig-size=\"5472,3648\" data-comments-opened=\"1\" data-image-meta=\"{&quot;aperture&quot;:&quot;1044326263&quot;,&quot;credit&quot;:&quot;&quot;,&quot;camera&quot;:&quot;*&quot;,&quot;caption&quot;:&quot;&quot;,&quot;created_timestamp&quot;:&quot;&quot;,&quot;copyright&quot;:&quot;&quot;,&quot;focal_length&quot;:&quot;65536\\\/0&quot;,&quot;iso&quot;:&quot;500&quot;,&quot;shutter_speed&quot;:&quot;2.57714720183&quot;,&quot;title&quot;:&quot;&quot;,&quot;orientation&quot;:&quot;1&quot;}\" data-image-title=\"_MG_2627\" data-image-description=\"\" data-medium-file=\"https:\/\/i0.wp.com\/journalcologne.hmkw.de\/kunstundkoeln\/wp-content\/uploads\/sites\/21\/2015\/04\/MG_2627.jpg?fit=632%2C421\" data-large-file=\"https:\/\/i0.wp.com\/journalcologne.hmkw.de\/kunstundkoeln\/wp-content\/uploads\/sites\/21\/2015\/04\/MG_2627.jpg?fit=1020%2C680\" loading=\"lazy\" class=\"  wp-image-58 alignleft\" src=\"https:\/\/i0.wp.com\/journalcologne.hmkw.de\/kunstundkoeln\/wp-content\/uploads\/sites\/21\/2015\/04\/MG_2627.jpg?resize=270%2C180\" alt=\"_MG_2627\" width=\"270\" height=\"180\" srcset=\"https:\/\/i0.wp.com\/journalcologne.hmkw.de\/kunstundkoeln\/wp-content\/uploads\/sites\/21\/2015\/04\/MG_2627.jpg?resize=420%2C280 420w, https:\/\/i0.wp.com\/journalcologne.hmkw.de\/kunstundkoeln\/wp-content\/uploads\/sites\/21\/2015\/04\/MG_2627.jpg?resize=632%2C421 632w, https:\/\/i0.wp.com\/journalcologne.hmkw.de\/kunstundkoeln\/wp-content\/uploads\/sites\/21\/2015\/04\/MG_2627.jpg?resize=1020%2C680 1020w, https:\/\/i0.wp.com\/journalcologne.hmkw.de\/kunstundkoeln\/wp-content\/uploads\/sites\/21\/2015\/04\/MG_2627.jpg?resize=600%2C400 600w, https:\/\/i0.wp.com\/journalcologne.hmkw.de\/kunstundkoeln\/wp-content\/uploads\/sites\/21\/2015\/04\/MG_2627.jpg?w=2040 2040w, https:\/\/i0.wp.com\/journalcologne.hmkw.de\/kunstundkoeln\/wp-content\/uploads\/sites\/21\/2015\/04\/MG_2627.jpg?w=3060 3060w\" sizes=\"(max-width: 270px) 100vw, 270px\" data-recalc-dims=\"1\" \/>Oder beruht diese Ansicht wom\u00f6glich auf einem schwerwiegenden Missverst\u00e4ndnis: Dass n\u00e4mlich wom\u00f6glich all das R\u00e4umen und S\u00e4umen einen viel tieferen Sinn hat, dass das Unfertige in so vollst\u00e4ndigem Ma\u00dfe zum Konzept geh\u00f6rt, dass die Art Cologne selbst dann nicht fertig ist, wenn sie l\u00e4ngst rum ist? Und das f\u00fchrt zu noch <a href=\"https:\/\/i2.wp.com\/journalcologne.hmkw.de\/kunstundkoeln\/wp-content\/uploads\/sites\/21\/2015\/04\/MG_2617.jpg\"><img data-attachment-id=\"57\" data-permalink=\"http:\/\/journalcologne.hmkw.de\/kunstundkoeln\/2015\/04\/15\/eine-kunstmesse-wird-aufgebaut\/_mg_2617\/\" data-orig-file=\"https:\/\/i2.wp.com\/journalcologne.hmkw.de\/kunstundkoeln\/wp-content\/uploads\/sites\/21\/2015\/04\/MG_2617.jpg?fit=5472%2C3648\" data-orig-size=\"5472,3648\" data-comments-opened=\"1\" data-image-meta=\"{&quot;aperture&quot;:&quot;1044326263&quot;,&quot;credit&quot;:&quot;&quot;,&quot;camera&quot;:&quot;*&quot;,&quot;caption&quot;:&quot;&quot;,&quot;created_timestamp&quot;:&quot;&quot;,&quot;copyright&quot;:&quot;&quot;,&quot;focal_length&quot;:&quot;65536\\\/0&quot;,&quot;iso&quot;:&quot;500&quot;,&quot;shutter_speed&quot;:&quot;2.57714720183&quot;,&quot;title&quot;:&quot;&quot;,&quot;orientation&quot;:&quot;1&quot;}\" data-image-title=\"_MG_2617\" data-image-description=\"\" data-medium-file=\"https:\/\/i2.wp.com\/journalcologne.hmkw.de\/kunstundkoeln\/wp-content\/uploads\/sites\/21\/2015\/04\/MG_2617.jpg?fit=632%2C421\" data-large-file=\"https:\/\/i2.wp.com\/journalcologne.hmkw.de\/kunstundkoeln\/wp-content\/uploads\/sites\/21\/2015\/04\/MG_2617.jpg?fit=1020%2C680\" loading=\"lazy\" class=\"alignright  wp-image-57\" src=\"https:\/\/i2.wp.com\/journalcologne.hmkw.de\/kunstundkoeln\/wp-content\/uploads\/sites\/21\/2015\/04\/MG_2617.jpg?resize=306%2C204\" alt=\"_MG_2617\" width=\"306\" height=\"204\" srcset=\"https:\/\/i2.wp.com\/journalcologne.hmkw.de\/kunstundkoeln\/wp-content\/uploads\/sites\/21\/2015\/04\/MG_2617.jpg?resize=420%2C280 420w, https:\/\/i2.wp.com\/journalcologne.hmkw.de\/kunstundkoeln\/wp-content\/uploads\/sites\/21\/2015\/04\/MG_2617.jpg?resize=632%2C421 632w, https:\/\/i2.wp.com\/journalcologne.hmkw.de\/kunstundkoeln\/wp-content\/uploads\/sites\/21\/2015\/04\/MG_2617.jpg?resize=1020%2C680 1020w, https:\/\/i2.wp.com\/journalcologne.hmkw.de\/kunstundkoeln\/wp-content\/uploads\/sites\/21\/2015\/04\/MG_2617.jpg?resize=600%2C400 600w, https:\/\/i2.wp.com\/journalcologne.hmkw.de\/kunstundkoeln\/wp-content\/uploads\/sites\/21\/2015\/04\/MG_2617.jpg?w=2040 2040w, https:\/\/i2.wp.com\/journalcologne.hmkw.de\/kunstundkoeln\/wp-content\/uploads\/sites\/21\/2015\/04\/MG_2617.jpg?w=3060 3060w\" sizes=\"(max-width: 306px) 100vw, 306px\" data-recalc-dims=\"1\" \/><\/a>komplizierteren Fragen: Was ist \u00fcberhaupt Kunst und was ist Krempel? Wir erinnern uns mit wohligen Schauern jener Fettflecken, denen die Putzfrau Herr zu werden versuchte. Oder der Beus&#8217;schen Badewanne, die als Bierk\u00fchler herhalten musste. Die Palette mit den Exponaten geh\u00f6rt <a href=\"https:\/\/i1.wp.com\/journalcologne.hmkw.de\/kunstundkoeln\/wp-content\/uploads\/sites\/21\/2015\/04\/MG_2712.jpg\"><img data-attachment-id=\"64\" data-permalink=\"http:\/\/journalcologne.hmkw.de\/kunstundkoeln\/2015\/04\/15\/eine-kunstmesse-wird-aufgebaut\/_mg_2712\/\" data-orig-file=\"https:\/\/i1.wp.com\/journalcologne.hmkw.de\/kunstundkoeln\/wp-content\/uploads\/sites\/21\/2015\/04\/MG_2712.jpg?fit=5472%2C3648\" data-orig-size=\"5472,3648\" data-comments-opened=\"1\" data-image-meta=\"{&quot;aperture&quot;:&quot;1044326263&quot;,&quot;credit&quot;:&quot;&quot;,&quot;camera&quot;:&quot;*&quot;,&quot;caption&quot;:&quot;&quot;,&quot;created_timestamp&quot;:&quot;&quot;,&quot;copyright&quot;:&quot;&quot;,&quot;focal_length&quot;:&quot;65536\\\/0&quot;,&quot;iso&quot;:&quot;500&quot;,&quot;shutter_speed&quot;:&quot;2.57714720183&quot;,&quot;title&quot;:&quot;&quot;,&quot;orientation&quot;:&quot;1&quot;}\" data-image-title=\"_MG_2712\" data-image-description=\"\" data-medium-file=\"https:\/\/i1.wp.com\/journalcologne.hmkw.de\/kunstundkoeln\/wp-content\/uploads\/sites\/21\/2015\/04\/MG_2712.jpg?fit=632%2C421\" data-large-file=\"https:\/\/i1.wp.com\/journalcologne.hmkw.de\/kunstundkoeln\/wp-content\/uploads\/sites\/21\/2015\/04\/MG_2712.jpg?fit=1020%2C680\" loading=\"lazy\" class=\"  wp-image-64 alignleft\" src=\"https:\/\/i1.wp.com\/journalcologne.hmkw.de\/kunstundkoeln\/wp-content\/uploads\/sites\/21\/2015\/04\/MG_2712.jpg?resize=279%2C186\" alt=\"_MG_2712\" width=\"279\" height=\"186\" srcset=\"https:\/\/i1.wp.com\/journalcologne.hmkw.de\/kunstundkoeln\/wp-content\/uploads\/sites\/21\/2015\/04\/MG_2712.jpg?resize=420%2C280 420w, https:\/\/i1.wp.com\/journalcologne.hmkw.de\/kunstundkoeln\/wp-content\/uploads\/sites\/21\/2015\/04\/MG_2712.jpg?resize=632%2C421 632w, https:\/\/i1.wp.com\/journalcologne.hmkw.de\/kunstundkoeln\/wp-content\/uploads\/sites\/21\/2015\/04\/MG_2712.jpg?resize=1020%2C680 1020w, https:\/\/i1.wp.com\/journalcologne.hmkw.de\/kunstundkoeln\/wp-content\/uploads\/sites\/21\/2015\/04\/MG_2712.jpg?resize=600%2C400 600w, https:\/\/i1.wp.com\/journalcologne.hmkw.de\/kunstundkoeln\/wp-content\/uploads\/sites\/21\/2015\/04\/MG_2712.jpg?w=2040 2040w, https:\/\/i1.wp.com\/journalcologne.hmkw.de\/kunstundkoeln\/wp-content\/uploads\/sites\/21\/2015\/04\/MG_2712.jpg?w=3060 3060w\" sizes=\"(max-width: 279px) 100vw, 279px\" data-recalc-dims=\"1\" \/><\/a>wom\u00f6glich zur Installation. Und die M\u00e4nner, die ein Etwas aus rotem Plastik schleppen, sind Performance und werden jeden Tag, gar jede Stunde aufs Neue ihren schweren Weg durch die G\u00e4nge der Art Cologne durchschreiten. Der Steinhaufen soll wom\u00f6glich so, genau so dort a<img data-attachment-id=\"60\" data-permalink=\"http:\/\/journalcologne.hmkw.de\/kunstundkoeln\/2015\/04\/15\/eine-kunstmesse-wird-aufgebaut\/_mg_2649\/\" data-orig-file=\"https:\/\/i2.wp.com\/journalcologne.hmkw.de\/kunstundkoeln\/wp-content\/uploads\/sites\/21\/2015\/04\/MG_2649.jpg?fit=3648%2C5472\" data-orig-size=\"3648,5472\" data-comments-opened=\"1\" data-image-meta=\"{&quot;aperture&quot;:&quot;1044326263&quot;,&quot;credit&quot;:&quot;&quot;,&quot;camera&quot;:&quot;*&quot;,&quot;caption&quot;:&quot;&quot;,&quot;created_timestamp&quot;:&quot;&quot;,&quot;copyright&quot;:&quot;&quot;,&quot;focal_length&quot;:&quot;65536\\\/0&quot;,&quot;iso&quot;:&quot;500&quot;,&quot;shutter_speed&quot;:&quot;2.57714720183&quot;,&quot;title&quot;:&quot;&quot;,&quot;orientation&quot;:&quot;1&quot;}\" data-image-title=\"_MG_2649\" data-image-description=\"\" data-medium-file=\"https:\/\/i2.wp.com\/journalcologne.hmkw.de\/kunstundkoeln\/wp-content\/uploads\/sites\/21\/2015\/04\/MG_2649.jpg?fit=632%2C948\" data-large-file=\"https:\/\/i2.wp.com\/journalcologne.hmkw.de\/kunstundkoeln\/wp-content\/uploads\/sites\/21\/2015\/04\/MG_2649.jpg?fit=1020%2C1530\" loading=\"lazy\" class=\"alignright wp-image-60 \" src=\"https:\/\/i2.wp.com\/journalcologne.hmkw.de\/kunstundkoeln\/wp-content\/uploads\/sites\/21\/2015\/04\/MG_2649.jpg?resize=164%2C246\" alt=\"_MG_2649\" width=\"164\" height=\"246\" srcset=\"https:\/\/i2.wp.com\/journalcologne.hmkw.de\/kunstundkoeln\/wp-content\/uploads\/sites\/21\/2015\/04\/MG_2649.jpg?resize=632%2C948 632w, https:\/\/i2.wp.com\/journalcologne.hmkw.de\/kunstundkoeln\/wp-content\/uploads\/sites\/21\/2015\/04\/MG_2649.jpg?resize=1020%2C1530 1020w, https:\/\/i2.wp.com\/journalcologne.hmkw.de\/kunstundkoeln\/wp-content\/uploads\/sites\/21\/2015\/04\/MG_2649.jpg?resize=600%2C900 600w, https:\/\/i2.wp.com\/journalcologne.hmkw.de\/kunstundkoeln\/wp-content\/uploads\/sites\/21\/2015\/04\/MG_2649.jpg?w=2040 2040w, https:\/\/i2.wp.com\/journalcologne.hmkw.de\/kunstundkoeln\/wp-content\/uploads\/sites\/21\/2015\/04\/MG_2649.jpg?w=3060 3060w\" sizes=\"(max-width: 164px) 100vw, 164px\" data-recalc-dims=\"1\" \/>usgestellt sein, wie er angerichtet wurde. Oder der Kistenstapel mit der Plastikwasserflasche: Keine vergessene Traghilfe, sondern in Wahrheit ein gesellschafts-kritischer Verweis auf knappe Ressourcen in der globalisierten Welt? Hier muss der Kunstsinnige eben zum Hintersinnigen werden, muss um die Ecke denken, hermeneutische Tiefen ausloten &#8212; oder eben selbst mit anpacken, Kunst aufr\u00e4umen und f\u00fcr Ordnung sorgen, entweder f\u00fcr Ordnung im Kopf oder f\u00fcr <a href=\"https:\/\/i2.wp.com\/journalcologne.hmkw.de\/kunstundkoeln\/wp-content\/uploads\/sites\/21\/2015\/04\/MG_2742.jpg\"><img data-attachment-id=\"65\" data-permalink=\"http:\/\/journalcologne.hmkw.de\/kunstundkoeln\/2015\/04\/15\/eine-kunstmesse-wird-aufgebaut\/_mg_2742\/\" data-orig-file=\"https:\/\/i2.wp.com\/journalcologne.hmkw.de\/kunstundkoeln\/wp-content\/uploads\/sites\/21\/2015\/04\/MG_2742.jpg?fit=5472%2C3648\" data-orig-size=\"5472,3648\" data-comments-opened=\"1\" data-image-meta=\"{&quot;aperture&quot;:&quot;1044326263&quot;,&quot;credit&quot;:&quot;&quot;,&quot;camera&quot;:&quot;*&quot;,&quot;caption&quot;:&quot;&quot;,&quot;created_timestamp&quot;:&quot;&quot;,&quot;copyright&quot;:&quot;&quot;,&quot;focal_length&quot;:&quot;65536\\\/0&quot;,&quot;iso&quot;:&quot;500&quot;,&quot;shutter_speed&quot;:&quot;2.57714720183&quot;,&quot;title&quot;:&quot;&quot;,&quot;orientation&quot;:&quot;1&quot;}\" data-image-title=\"_MG_2742\" data-image-description=\"\" data-medium-file=\"https:\/\/i2.wp.com\/journalcologne.hmkw.de\/kunstundkoeln\/wp-content\/uploads\/sites\/21\/2015\/04\/MG_2742.jpg?fit=632%2C421\" data-large-file=\"https:\/\/i2.wp.com\/journalcologne.hmkw.de\/kunstundkoeln\/wp-content\/uploads\/sites\/21\/2015\/04\/MG_2742.jpg?fit=1020%2C680\" loading=\"lazy\" class=\"aligncenter size-medium wp-image-65\" src=\"https:\/\/i2.wp.com\/journalcologne.hmkw.de\/kunstundkoeln\/wp-content\/uploads\/sites\/21\/2015\/04\/MG_2742.jpg?resize=632%2C421\" alt=\"_MG_2742\" width=\"632\" height=\"421\" srcset=\"https:\/\/i2.wp.com\/journalcologne.hmkw.de\/kunstundkoeln\/wp-content\/uploads\/sites\/21\/2015\/04\/MG_2742.jpg?resize=632%2C421 632w, https:\/\/i2.wp.com\/journalcologne.hmkw.de\/kunstundkoeln\/wp-content\/uploads\/sites\/21\/2015\/04\/MG_2742.jpg?resize=420%2C280 420w, https:\/\/i2.wp.com\/journalcologne.hmkw.de\/kunstundkoeln\/wp-content\/uploads\/sites\/21\/2015\/04\/MG_2742.jpg?resize=1020%2C680 1020w, https:\/\/i2.wp.com\/journalcologne.hmkw.de\/kunstundkoeln\/wp-content\/uploads\/sites\/21\/2015\/04\/MG_2742.jpg?resize=600%2C400 600w, https:\/\/i2.wp.com\/journalcologne.hmkw.de\/kunstundkoeln\/wp-content\/uploads\/sites\/21\/2015\/04\/MG_2742.jpg?w=2040 2040w, https:\/\/i2.wp.com\/journalcologne.hmkw.de\/kunstundkoeln\/wp-content\/uploads\/sites\/21\/2015\/04\/MG_2742.jpg?w=3060 3060w\" sizes=\"(max-width: 632px) 100vw, 632px\" data-recalc-dims=\"1\" \/><\/a>Ordnung in den K\u00f6lner Messehallen. F\u00fcr Baumaterial, Werkzeug und gen\u00fcgend Fl\u00e4che ist auf den neuerdings drei Ebenen der K\u00f6lnmesse jedenfalls gesorgt. Und was nicht <img data-attachment-id=\"67\" data-permalink=\"http:\/\/journalcologne.hmkw.de\/kunstundkoeln\/2015\/04\/15\/eine-kunstmesse-wird-aufgebaut\/_mg_2747\/\" data-orig-file=\"https:\/\/i1.wp.com\/journalcologne.hmkw.de\/kunstundkoeln\/wp-content\/uploads\/sites\/21\/2015\/04\/MG_2747.jpg?fit=5472%2C3648\" data-orig-size=\"5472,3648\" data-comments-opened=\"1\" data-image-meta=\"{&quot;aperture&quot;:&quot;1044326263&quot;,&quot;credit&quot;:&quot;&quot;,&quot;camera&quot;:&quot;*&quot;,&quot;caption&quot;:&quot;&quot;,&quot;created_timestamp&quot;:&quot;&quot;,&quot;copyright&quot;:&quot;&quot;,&quot;focal_length&quot;:&quot;65536\\\/0&quot;,&quot;iso&quot;:&quot;500&quot;,&quot;shutter_speed&quot;:&quot;2.57714720183&quot;,&quot;title&quot;:&quot;&quot;,&quot;orientation&quot;:&quot;1&quot;}\" data-image-title=\"_MG_2747\" data-image-description=\"\" data-medium-file=\"https:\/\/i1.wp.com\/journalcologne.hmkw.de\/kunstundkoeln\/wp-content\/uploads\/sites\/21\/2015\/04\/MG_2747.jpg?fit=632%2C421\" data-large-file=\"https:\/\/i1.wp.com\/journalcologne.hmkw.de\/kunstundkoeln\/wp-content\/uploads\/sites\/21\/2015\/04\/MG_2747.jpg?fit=1020%2C680\" loading=\"lazy\" class=\"alignleft  wp-image-67\" src=\"https:\/\/i1.wp.com\/journalcologne.hmkw.de\/kunstundkoeln\/wp-content\/uploads\/sites\/21\/2015\/04\/MG_2747.jpg?resize=368%2C245\" alt=\"_MG_2747\" width=\"368\" height=\"245\" srcset=\"https:\/\/i1.wp.com\/journalcologne.hmkw.de\/kunstundkoeln\/wp-content\/uploads\/sites\/21\/2015\/04\/MG_2747.jpg?resize=632%2C421 632w, https:\/\/i1.wp.com\/journalcologne.hmkw.de\/kunstundkoeln\/wp-content\/uploads\/sites\/21\/2015\/04\/MG_2747.jpg?resize=420%2C280 420w, https:\/\/i1.wp.com\/journalcologne.hmkw.de\/kunstundkoeln\/wp-content\/uploads\/sites\/21\/2015\/04\/MG_2747.jpg?resize=1020%2C680 1020w, https:\/\/i1.wp.com\/journalcologne.hmkw.de\/kunstundkoeln\/wp-content\/uploads\/sites\/21\/2015\/04\/MG_2747.jpg?resize=600%2C400 600w, https:\/\/i1.wp.com\/journalcologne.hmkw.de\/kunstundkoeln\/wp-content\/uploads\/sites\/21\/2015\/04\/MG_2747.jpg?w=2040 2040w, https:\/\/i1.wp.com\/journalcologne.hmkw.de\/kunstundkoeln\/wp-content\/uploads\/sites\/21\/2015\/04\/MG_2747.jpg?w=3060 3060w\" sizes=\"(max-width: 368px) 100vw, 368px\" data-recalc-dims=\"1\" \/>gebraucht wird, das kommt eben in die Kiste. Oder sind die Kartons, die da herumstehen, etwa auch Kunst? Da kommt dann wohl der Deckel drauf. \u00dcbrigens: Die n\u00e4chste Art Cologne wird vom 13. bis 16. April 2016 stattfinden. Nur mal so als Tipp &#8230;<\/p>\n<p><em>(von\u00a0Filippo\u00a0Meier)\u00a0<\/em><\/p>\n","protected":false},"excerpt":{"rendered":"<div class=\"entry-summary\">\nKunst ist in einem h\u00f6heren Sinne, wie Theodor W. Adorno in seiner&hellip;\n<\/div>\n<div class=\"link-more\"><a href=\"http:\/\/journalcologne.hmkw.de\/kunstundkoeln\/2015\/04\/15\/eine-kunstmesse-wird-aufgebaut\/\" class=\"more-link\">Continue reading<span class=\"screen-reader-text\"> &ldquo;Eine Kunstmesse wird aufgebaut&rdquo;<\/span>&hellip;<\/a><\/div>\n","protected":false},"author":2,"featured_media":63,"comment_status":"open","ping_status":"open","sticky":false,"template":"","format":"standard","meta":{"ngg_post_thumbnail":0,"spay_email":"","jetpack_publicize_message":"","jetpack_is_tweetstorm":false},"categories":[4],"tags":[13,11,12],"jetpack_featured_media_url":"https:\/\/i2.wp.com\/journalcologne.hmkw.de\/kunstundkoeln\/wp-content\/uploads\/sites\/21\/2015\/04\/MG_2665.jpg?fit=5472%2C3648","jetpack_publicize_connections":[],"jetpack_sharing_enabled":true,"jetpack_shortlink":"https:\/\/wp.me\/p63LW5-N","_links":{"self":[{"href":"http:\/\/journalcologne.hmkw.de\/kunstundkoeln\/wp-json\/wp\/v2\/posts\/49"}],"collection":[{"href":"http:\/\/journalcologne.hmkw.de\/kunstundkoeln\/wp-json\/wp\/v2\/posts"}],"about":[{"href":"http:\/\/journalcologne.hmkw.de\/kunstundkoeln\/wp-json\/wp\/v2\/types\/post"}],"author":[{"embeddable":true,"href":"http:\/\/journalcologne.hmkw.de\/kunstundkoeln\/wp-json\/wp\/v2\/users\/2"}],"replies":[{"embeddable":true,"href":"http:\/\/journalcologne.hmkw.de\/kunstundkoeln\/wp-json\/wp\/v2\/comments?post=49"}],"version-history":[{"count":6,"href":"http:\/\/journalcologne.hmkw.de\/kunstundkoeln\/wp-json\/wp\/v2\/posts\/49\/revisions"}],"predecessor-version":[{"id":87,"href":"http:\/\/journalcologne.hmkw.de\/kunstundkoeln\/wp-json\/wp\/v2\/posts\/49\/revisions\/87"}],"wp:featuredmedia":[{"embeddable":true,"href":"http:\/\/journalcologne.hmkw.de\/kunstundkoeln\/wp-json\/wp\/v2\/media\/63"}],"wp:attachment":[{"href":"http:\/\/journalcologne.hmkw.de\/kunstundkoeln\/wp-json\/wp\/v2\/media?parent=49"}],"wp:term":[{"taxonomy":"category","embeddable":true,"href":"http:\/\/journalcologne.hmkw.de\/kunstundkoeln\/wp-json\/wp\/v2\/categories?post=49"},{"taxonomy":"post_tag","embeddable":true,"href":"http:\/\/journalcologne.hmkw.de\/kunstundkoeln\/wp-json\/wp\/v2\/tags?post=49"}],"curies":[{"name":"wp","href":"https:\/\/api.w.org\/{rel}","templated":true}]}}