{"id":527,"date":"2015-04-19T13:33:06","date_gmt":"2015-04-19T11:33:06","guid":{"rendered":"http:\/\/journalcologne.hmkw.de\/kunstundkoeln\/?p=527"},"modified":"2015-04-19T13:33:06","modified_gmt":"2015-04-19T11:33:06","slug":"die-kunst-des-smartphones","status":"publish","type":"post","link":"http:\/\/journalcologne.hmkw.de\/kunstundkoeln\/2015\/04\/19\/die-kunst-des-smartphones\/","title":{"rendered":"Die Kunst des Smartphones"},"content":{"rendered":"<p><a href=\"https:\/\/i1.wp.com\/journalcologne.hmkw.de\/kunstundkoeln\/wp-content\/uploads\/sites\/21\/2015\/04\/Foto-18.04.15-13-02-04.jpg\"><img data-attachment-id=\"542\" data-permalink=\"http:\/\/journalcologne.hmkw.de\/kunstundkoeln\/2015\/04\/19\/die-kunst-des-smartphones\/foto-18-04-15-13-02-04\/\" data-orig-file=\"https:\/\/i1.wp.com\/journalcologne.hmkw.de\/kunstundkoeln\/wp-content\/uploads\/sites\/21\/2015\/04\/Foto-18.04.15-13-02-04.jpg?fit=1513%2C1135\" data-orig-size=\"1513,1135\" data-comments-opened=\"0\" data-image-meta=\"{&quot;aperture&quot;:&quot;2.2&quot;,&quot;credit&quot;:&quot;&quot;,&quot;camera&quot;:&quot;iPhone 5s&quot;,&quot;caption&quot;:&quot;&quot;,&quot;created_timestamp&quot;:&quot;1429362124&quot;,&quot;copyright&quot;:&quot;&quot;,&quot;focal_length&quot;:&quot;4.15&quot;,&quot;iso&quot;:&quot;64&quot;,&quot;shutter_speed&quot;:&quot;0.0333333333333&quot;,&quot;title&quot;:&quot;&quot;,&quot;orientation&quot;:&quot;0&quot;}\" data-image-title=\"Foto 18.04.15 13 02 04\" data-image-description=\"\" data-medium-file=\"https:\/\/i1.wp.com\/journalcologne.hmkw.de\/kunstundkoeln\/wp-content\/uploads\/sites\/21\/2015\/04\/Foto-18.04.15-13-02-04.jpg?fit=632%2C474\" data-large-file=\"https:\/\/i1.wp.com\/journalcologne.hmkw.de\/kunstundkoeln\/wp-content\/uploads\/sites\/21\/2015\/04\/Foto-18.04.15-13-02-04.jpg?fit=1020%2C765\" loading=\"lazy\" class=\"alignright  wp-image-542\" src=\"https:\/\/i1.wp.com\/journalcologne.hmkw.de\/kunstundkoeln\/wp-content\/uploads\/sites\/21\/2015\/04\/Foto-18.04.15-13-02-04.jpg?resize=259%2C194\" alt=\"Foto 18.04.15 13 02 04\" width=\"259\" height=\"194\" srcset=\"https:\/\/i1.wp.com\/journalcologne.hmkw.de\/kunstundkoeln\/wp-content\/uploads\/sites\/21\/2015\/04\/Foto-18.04.15-13-02-04.jpg?resize=632%2C474 632w, https:\/\/i1.wp.com\/journalcologne.hmkw.de\/kunstundkoeln\/wp-content\/uploads\/sites\/21\/2015\/04\/Foto-18.04.15-13-02-04.jpg?resize=1020%2C765 1020w, https:\/\/i1.wp.com\/journalcologne.hmkw.de\/kunstundkoeln\/wp-content\/uploads\/sites\/21\/2015\/04\/Foto-18.04.15-13-02-04.jpg?resize=600%2C450 600w, https:\/\/i1.wp.com\/journalcologne.hmkw.de\/kunstundkoeln\/wp-content\/uploads\/sites\/21\/2015\/04\/Foto-18.04.15-13-02-04.jpg?w=1513 1513w\" sizes=\"(max-width: 259px) 100vw, 259px\" data-recalc-dims=\"1\" \/><\/a>Wenn Besucher der Welt \u00e4lteste Kunstmesse, die Art Cologne, besuchen, so wollen sie zeitgen\u00f6ssische Kunst sehen, sich in avantgardistische Exponate versenken, den Blick \u00fcber die Gro\u00dftaten unserer Kultur schweifen lassen. Was aber betrachten die professionellen Sachwalter der &#8222;contemporary art&#8220;, wo hinein versenken sich w\u00e4hrend ihres K\u00f6lner Aufenthalts die Galeristen? Gewinnen auch sie noch st\u00e4ndig neue Perspektiven, erschlie\u00dfen sie sich ebenfalls Einblicke ins Noch-nicht-Gesehene? Die, die f\u00fcnf Tage lang das Privileg genie\u00dfen, mit Kunst und nichts als Kunst umgeben zu sein, sind sie die gro\u00dfen Profiteure des Kunstsinns?<\/p>\n<p><a href=\"https:\/\/i2.wp.com\/journalcologne.hmkw.de\/kunstundkoeln\/wp-content\/uploads\/sites\/21\/2015\/04\/MG_3354.jpg\"><img data-attachment-id=\"532\" data-permalink=\"http:\/\/journalcologne.hmkw.de\/kunstundkoeln\/2015\/04\/19\/die-kunst-des-smartphones\/_mg_3354\/\" data-orig-file=\"https:\/\/i2.wp.com\/journalcologne.hmkw.de\/kunstundkoeln\/wp-content\/uploads\/sites\/21\/2015\/04\/MG_3354.jpg?fit=1920%2C1280\" data-orig-size=\"1920,1280\" data-comments-opened=\"0\" data-image-meta=\"{&quot;aperture&quot;:&quot;5.6&quot;,&quot;credit&quot;:&quot;&quot;,&quot;camera&quot;:&quot;Canon EOS 6D&quot;,&quot;caption&quot;:&quot;&quot;,&quot;created_timestamp&quot;:&quot;1429362175&quot;,&quot;copyright&quot;:&quot;&quot;,&quot;focal_length&quot;:&quot;127&quot;,&quot;iso&quot;:&quot;500&quot;,&quot;shutter_speed&quot;:&quot;0.0166666666667&quot;,&quot;title&quot;:&quot;&quot;,&quot;orientation&quot;:&quot;1&quot;}\" data-image-title=\"_MG_3354\" data-image-description=\"\" data-medium-file=\"https:\/\/i2.wp.com\/journalcologne.hmkw.de\/kunstundkoeln\/wp-content\/uploads\/sites\/21\/2015\/04\/MG_3354.jpg?fit=632%2C421\" data-large-file=\"https:\/\/i2.wp.com\/journalcologne.hmkw.de\/kunstundkoeln\/wp-content\/uploads\/sites\/21\/2015\/04\/MG_3354.jpg?fit=1020%2C680\" loading=\"lazy\" class=\"  wp-image-532 alignleft\" src=\"https:\/\/i2.wp.com\/journalcologne.hmkw.de\/kunstundkoeln\/wp-content\/uploads\/sites\/21\/2015\/04\/MG_3354.jpg?resize=310%2C206\" alt=\"_MG_3354\" width=\"310\" height=\"206\" srcset=\"https:\/\/i2.wp.com\/journalcologne.hmkw.de\/kunstundkoeln\/wp-content\/uploads\/sites\/21\/2015\/04\/MG_3354.jpg?resize=632%2C421 632w, https:\/\/i2.wp.com\/journalcologne.hmkw.de\/kunstundkoeln\/wp-content\/uploads\/sites\/21\/2015\/04\/MG_3354.jpg?resize=420%2C280 420w, https:\/\/i2.wp.com\/journalcologne.hmkw.de\/kunstundkoeln\/wp-content\/uploads\/sites\/21\/2015\/04\/MG_3354.jpg?resize=1020%2C680 1020w, https:\/\/i2.wp.com\/journalcologne.hmkw.de\/kunstundkoeln\/wp-content\/uploads\/sites\/21\/2015\/04\/MG_3354.jpg?resize=600%2C400 600w, https:\/\/i2.wp.com\/journalcologne.hmkw.de\/kunstundkoeln\/wp-content\/uploads\/sites\/21\/2015\/04\/MG_3354.jpg?w=1920 1920w\" sizes=\"(max-width: 310px) 100vw, 310px\" data-recalc-dims=\"1\" \/><\/a>Die Antwort ist so schlicht wie ersch\u00fctternd: Nein. Der Blick des gemeinen Galeristen scheint nur auf eines gerichtet, n\u00e4mlich auf sein Smartphone. Wer durch die K\u00f6lner Messehallen w\u00e4hrend der Art Cologne schlendert, der sieht an den St\u00e4nden und Ausstellungsfl\u00e4chen lauter smarte Kunstprofis mit Smartphones. <a href=\"https:\/\/i1.wp.com\/journalcologne.hmkw.de\/kunstundkoeln\/wp-content\/uploads\/sites\/21\/2015\/04\/MG_3429.jpg\"><img data-attachment-id=\"533\" data-permalink=\"http:\/\/journalcologne.hmkw.de\/kunstundkoeln\/2015\/04\/19\/die-kunst-des-smartphones\/_mg_3429\/\" data-orig-file=\"https:\/\/i1.wp.com\/journalcologne.hmkw.de\/kunstundkoeln\/wp-content\/uploads\/sites\/21\/2015\/04\/MG_3429.jpg?fit=1920%2C1280\" data-orig-size=\"1920,1280\" data-comments-opened=\"0\" data-image-meta=\"{&quot;aperture&quot;:&quot;5.6&quot;,&quot;credit&quot;:&quot;&quot;,&quot;camera&quot;:&quot;Canon EOS 6D&quot;,&quot;caption&quot;:&quot;&quot;,&quot;created_timestamp&quot;:&quot;1429365049&quot;,&quot;copyright&quot;:&quot;&quot;,&quot;focal_length&quot;:&quot;135&quot;,&quot;iso&quot;:&quot;640&quot;,&quot;shutter_speed&quot;:&quot;0.0125&quot;,&quot;title&quot;:&quot;&quot;,&quot;orientation&quot;:&quot;1&quot;}\" data-image-title=\"_MG_3429\" data-image-description=\"\" data-medium-file=\"https:\/\/i1.wp.com\/journalcologne.hmkw.de\/kunstundkoeln\/wp-content\/uploads\/sites\/21\/2015\/04\/MG_3429.jpg?fit=632%2C421\" data-large-file=\"https:\/\/i1.wp.com\/journalcologne.hmkw.de\/kunstundkoeln\/wp-content\/uploads\/sites\/21\/2015\/04\/MG_3429.jpg?fit=1020%2C680\" loading=\"lazy\" class=\"alignright  wp-image-533\" src=\"https:\/\/i1.wp.com\/journalcologne.hmkw.de\/kunstundkoeln\/wp-content\/uploads\/sites\/21\/2015\/04\/MG_3429.jpg?resize=269%2C179\" alt=\"_MG_3429\" width=\"269\" height=\"179\" srcset=\"https:\/\/i1.wp.com\/journalcologne.hmkw.de\/kunstundkoeln\/wp-content\/uploads\/sites\/21\/2015\/04\/MG_3429.jpg?resize=632%2C421 632w, https:\/\/i1.wp.com\/journalcologne.hmkw.de\/kunstundkoeln\/wp-content\/uploads\/sites\/21\/2015\/04\/MG_3429.jpg?resize=420%2C280 420w, https:\/\/i1.wp.com\/journalcologne.hmkw.de\/kunstundkoeln\/wp-content\/uploads\/sites\/21\/2015\/04\/MG_3429.jpg?resize=1020%2C680 1020w, https:\/\/i1.wp.com\/journalcologne.hmkw.de\/kunstundkoeln\/wp-content\/uploads\/sites\/21\/2015\/04\/MG_3429.jpg?resize=600%2C400 600w, https:\/\/i1.wp.com\/journalcologne.hmkw.de\/kunstundkoeln\/wp-content\/uploads\/sites\/21\/2015\/04\/MG_3429.jpg?w=1920 1920w\" sizes=\"(max-width: 269px) 100vw, 269px\" data-recalc-dims=\"1\" \/><\/a>Dient die Kunst als Verkaufsobjekt haupts\u00e4chlich dazu, Immobilien zu versch\u00f6nern, sind die Verk\u00e4ufer eher ihren Mobile Phones zugetan. Kunst schafft Zusammenh\u00e4nge, stellt ungew\u00f6hnliche Verbindungen her, spinnt Netzwerke, doch die Kunstkenner interessieren sich offenbar eher f\u00fcr soziale Netzwerke als f\u00fcr artistische.<\/p>\n<p>So viel scheint zeitgen\u00f6ssische Kunst wohl doch nicht zu sagen zu haben. Oder jedenfalls nicht so viel, wie ihre bemerkenswertesten Kenner durchs Mobiltelefon erfahren k\u00f6nnen. Wo das Handy spricht, schweige die Kunst. Halt, ganz richtig ist das nat\u00fcrlich nicht. Es ist nicht immer das Handy, das zum Galeristen spricht. Manchmal ist es auch ein Tablet. <a href=\"https:\/\/i1.wp.com\/journalcologne.hmkw.de\/kunstundkoeln\/wp-content\/uploads\/sites\/21\/2015\/04\/MG_2645.jpg\"><img data-attachment-id=\"537\" data-permalink=\"http:\/\/journalcologne.hmkw.de\/kunstundkoeln\/2015\/04\/19\/die-kunst-des-smartphones\/_mg_2645\/\" data-orig-file=\"https:\/\/i1.wp.com\/journalcologne.hmkw.de\/kunstundkoeln\/wp-content\/uploads\/sites\/21\/2015\/04\/MG_2645.jpg?fit=5472%2C3648\" data-orig-size=\"5472,3648\" data-comments-opened=\"0\" data-image-meta=\"{&quot;aperture&quot;:&quot;1044326263&quot;,&quot;credit&quot;:&quot;&quot;,&quot;camera&quot;:&quot;*&quot;,&quot;caption&quot;:&quot;&quot;,&quot;created_timestamp&quot;:&quot;&quot;,&quot;copyright&quot;:&quot;&quot;,&quot;focal_length&quot;:&quot;65536\\\/0&quot;,&quot;iso&quot;:&quot;500&quot;,&quot;shutter_speed&quot;:&quot;2.57714720183&quot;,&quot;title&quot;:&quot;&quot;,&quot;orientation&quot;:&quot;1&quot;}\" data-image-title=\"_MG_2645\" data-image-description=\"\" data-medium-file=\"https:\/\/i1.wp.com\/journalcologne.hmkw.de\/kunstundkoeln\/wp-content\/uploads\/sites\/21\/2015\/04\/MG_2645.jpg?fit=632%2C421\" data-large-file=\"https:\/\/i1.wp.com\/journalcologne.hmkw.de\/kunstundkoeln\/wp-content\/uploads\/sites\/21\/2015\/04\/MG_2645.jpg?fit=1020%2C680\" loading=\"lazy\" class=\"  wp-image-537 alignleft\" src=\"https:\/\/i1.wp.com\/journalcologne.hmkw.de\/kunstundkoeln\/wp-content\/uploads\/sites\/21\/2015\/04\/MG_2645.jpg?resize=365%2C243\" alt=\"_MG_2645\" width=\"365\" height=\"243\" srcset=\"https:\/\/i1.wp.com\/journalcologne.hmkw.de\/kunstundkoeln\/wp-content\/uploads\/sites\/21\/2015\/04\/MG_2645.jpg?resize=420%2C280 420w, https:\/\/i1.wp.com\/journalcologne.hmkw.de\/kunstundkoeln\/wp-content\/uploads\/sites\/21\/2015\/04\/MG_2645.jpg?resize=632%2C421 632w, https:\/\/i1.wp.com\/journalcologne.hmkw.de\/kunstundkoeln\/wp-content\/uploads\/sites\/21\/2015\/04\/MG_2645.jpg?resize=1020%2C680 1020w, https:\/\/i1.wp.com\/journalcologne.hmkw.de\/kunstundkoeln\/wp-content\/uploads\/sites\/21\/2015\/04\/MG_2645.jpg?resize=600%2C400 600w, https:\/\/i1.wp.com\/journalcologne.hmkw.de\/kunstundkoeln\/wp-content\/uploads\/sites\/21\/2015\/04\/MG_2645.jpg?w=2040 2040w, https:\/\/i1.wp.com\/journalcologne.hmkw.de\/kunstundkoeln\/wp-content\/uploads\/sites\/21\/2015\/04\/MG_2645.jpg?w=3060 3060w\" sizes=\"(max-width: 365px) 100vw, 365px\" data-recalc-dims=\"1\" \/><\/a>Und am Laptop sieht man auch viele Kunsth\u00e4ndler &#8212; selbstredend nur solche Fabrikate der Marke Apple, so viel Sinn f\u00fcr Design muss dann schon sein. Mancher Galerist sieht beinahe wie seine eigene Inszenierung aus wie jener J\u00fcngling vor gr\u00fcner Wand mit wei\u00dfen Rosen. Merke: Macbook und Smartphone kollaborieren aufs feinste, ein Hoch aufs pr\u00e4emptive Multitasking!<\/p>\n<p><a href=\"https:\/\/i1.wp.com\/journalcologne.hmkw.de\/kunstundkoeln\/wp-content\/uploads\/sites\/21\/2015\/04\/MG_2608.jpg\"><img data-attachment-id=\"539\" data-permalink=\"http:\/\/journalcologne.hmkw.de\/kunstundkoeln\/2015\/04\/19\/die-kunst-des-smartphones\/_mg_2608\/\" data-orig-file=\"https:\/\/i1.wp.com\/journalcologne.hmkw.de\/kunstundkoeln\/wp-content\/uploads\/sites\/21\/2015\/04\/MG_2608.jpg?fit=5472%2C3648\" data-orig-size=\"5472,3648\" data-comments-opened=\"0\" data-image-meta=\"{&quot;aperture&quot;:&quot;1044326263&quot;,&quot;credit&quot;:&quot;&quot;,&quot;camera&quot;:&quot;*&quot;,&quot;caption&quot;:&quot;&quot;,&quot;created_timestamp&quot;:&quot;&quot;,&quot;copyright&quot;:&quot;&quot;,&quot;focal_length&quot;:&quot;65536\\\/0&quot;,&quot;iso&quot;:&quot;500&quot;,&quot;shutter_speed&quot;:&quot;2.57714720183&quot;,&quot;title&quot;:&quot;&quot;,&quot;orientation&quot;:&quot;1&quot;}\" data-image-title=\"_MG_2608\" data-image-description=\"\" data-medium-file=\"https:\/\/i1.wp.com\/journalcologne.hmkw.de\/kunstundkoeln\/wp-content\/uploads\/sites\/21\/2015\/04\/MG_2608.jpg?fit=632%2C421\" data-large-file=\"https:\/\/i1.wp.com\/journalcologne.hmkw.de\/kunstundkoeln\/wp-content\/uploads\/sites\/21\/2015\/04\/MG_2608.jpg?fit=1020%2C680\" loading=\"lazy\" class=\"alignright size-medium wp-image-539\" src=\"https:\/\/i1.wp.com\/journalcologne.hmkw.de\/kunstundkoeln\/wp-content\/uploads\/sites\/21\/2015\/04\/MG_2608.jpg?resize=632%2C421\" alt=\"_MG_2608\" width=\"632\" height=\"421\" srcset=\"https:\/\/i1.wp.com\/journalcologne.hmkw.de\/kunstundkoeln\/wp-content\/uploads\/sites\/21\/2015\/04\/MG_2608.jpg?resize=632%2C421 632w, https:\/\/i1.wp.com\/journalcologne.hmkw.de\/kunstundkoeln\/wp-content\/uploads\/sites\/21\/2015\/04\/MG_2608.jpg?resize=420%2C280 420w, https:\/\/i1.wp.com\/journalcologne.hmkw.de\/kunstundkoeln\/wp-content\/uploads\/sites\/21\/2015\/04\/MG_2608.jpg?resize=1020%2C680 1020w, https:\/\/i1.wp.com\/journalcologne.hmkw.de\/kunstundkoeln\/wp-content\/uploads\/sites\/21\/2015\/04\/MG_2608.jpg?resize=600%2C400 600w, https:\/\/i1.wp.com\/journalcologne.hmkw.de\/kunstundkoeln\/wp-content\/uploads\/sites\/21\/2015\/04\/MG_2608.jpg?w=2040 2040w, https:\/\/i1.wp.com\/journalcologne.hmkw.de\/kunstundkoeln\/wp-content\/uploads\/sites\/21\/2015\/04\/MG_2608.jpg?w=3060 3060w\" sizes=\"(max-width: 632px) 100vw, 632px\" data-recalc-dims=\"1\" \/><\/a><\/p>\n<p>Die Popularit\u00e4t des Smartphones kontrastiert in auff\u00e4lliger Weise mit seiner Abwesenheit im zeitgen\u00f6ssischen Kunstkontext. War noch vor einigen Jahren die <a href=\"http:\/\/www.antimedien.de\/art-cologne-von-wegen-postmedienzeitalter\/\" target=\"_blank\">Medienkunst ein fester Bestandteil <\/a>der Art Cologne, ist die Abwesenheit von Monitoren, Handys und Smartphones als k\u00fcnstlerische Objekte fast schon eine programmatische Aussage. Ihre\u00a0Allgegenwart im Galeristen- und Ausstelleralltag vertr\u00e4gt sich vermutlich nicht mit dem auratischen Charakter des Kunstwerks, selbst wenn es sich um Apple-Produkte handelt, die ja selbst beinahe <a href=\"http:\/\/www.handelsblatt.com\/politik\/oekonomie\/nachrichten\/marken-als-religion-das-apple-unser\/4310912.html\" target=\"_blank\">religi\u00f6se Verehrung erfahren<\/a>. Einzig die &#8222;Chicks on Speed&#8220; haben aus der Smartphone- und Tablet-Not eine Tugend gemacht und die mobilen Endger\u00e4te in ihre Installation &#8222;Neuro-Sleep-Production-Symphony&#8220; eingebaut. Apple unser, geheiligt werde Dein Name!<\/p>\n<p><a href=\"https:\/\/i2.wp.com\/journalcologne.hmkw.de\/kunstundkoeln\/wp-content\/uploads\/sites\/21\/2015\/04\/MG_3256.jpg\"><img data-attachment-id=\"530\" data-permalink=\"http:\/\/journalcologne.hmkw.de\/kunstundkoeln\/2015\/04\/19\/die-kunst-des-smartphones\/_mg_3256\/\" data-orig-file=\"https:\/\/i2.wp.com\/journalcologne.hmkw.de\/kunstundkoeln\/wp-content\/uploads\/sites\/21\/2015\/04\/MG_3256.jpg?fit=1920%2C1280\" data-orig-size=\"1920,1280\" data-comments-opened=\"0\" data-image-meta=\"{&quot;aperture&quot;:&quot;4.5&quot;,&quot;credit&quot;:&quot;&quot;,&quot;camera&quot;:&quot;Canon EOS 6D&quot;,&quot;caption&quot;:&quot;&quot;,&quot;created_timestamp&quot;:&quot;1429359432&quot;,&quot;copyright&quot;:&quot;&quot;,&quot;focal_length&quot;:&quot;53&quot;,&quot;iso&quot;:&quot;500&quot;,&quot;shutter_speed&quot;:&quot;0.05&quot;,&quot;title&quot;:&quot;&quot;,&quot;orientation&quot;:&quot;1&quot;}\" data-image-title=\"_MG_3256\" data-image-description=\"\" data-medium-file=\"https:\/\/i2.wp.com\/journalcologne.hmkw.de\/kunstundkoeln\/wp-content\/uploads\/sites\/21\/2015\/04\/MG_3256.jpg?fit=632%2C421\" data-large-file=\"https:\/\/i2.wp.com\/journalcologne.hmkw.de\/kunstundkoeln\/wp-content\/uploads\/sites\/21\/2015\/04\/MG_3256.jpg?fit=1020%2C680\" loading=\"lazy\" class=\"  wp-image-530 aligncenter\" src=\"https:\/\/i2.wp.com\/journalcologne.hmkw.de\/kunstundkoeln\/wp-content\/uploads\/sites\/21\/2015\/04\/MG_3256.jpg?resize=592%2C395\" alt=\"_MG_3256\" width=\"592\" height=\"395\" srcset=\"https:\/\/i2.wp.com\/journalcologne.hmkw.de\/kunstundkoeln\/wp-content\/uploads\/sites\/21\/2015\/04\/MG_3256.jpg?resize=420%2C280 420w, https:\/\/i2.wp.com\/journalcologne.hmkw.de\/kunstundkoeln\/wp-content\/uploads\/sites\/21\/2015\/04\/MG_3256.jpg?resize=632%2C421 632w, https:\/\/i2.wp.com\/journalcologne.hmkw.de\/kunstundkoeln\/wp-content\/uploads\/sites\/21\/2015\/04\/MG_3256.jpg?resize=1020%2C680 1020w, https:\/\/i2.wp.com\/journalcologne.hmkw.de\/kunstundkoeln\/wp-content\/uploads\/sites\/21\/2015\/04\/MG_3256.jpg?resize=600%2C400 600w, https:\/\/i2.wp.com\/journalcologne.hmkw.de\/kunstundkoeln\/wp-content\/uploads\/sites\/21\/2015\/04\/MG_3256.jpg?w=1920 1920w\" sizes=\"(max-width: 592px) 100vw, 592px\" data-recalc-dims=\"1\" \/><\/a><\/p>\n<p><em>Autor: HHA<\/em><\/p>\n","protected":false},"excerpt":{"rendered":"<div class=\"entry-summary\">\nWenn Besucher der Welt \u00e4lteste Kunstmesse, die Art Cologne, besuchen, so wollen&hellip;\n<\/div>\n<div class=\"link-more\"><a href=\"http:\/\/journalcologne.hmkw.de\/kunstundkoeln\/2015\/04\/19\/die-kunst-des-smartphones\/\" class=\"more-link\">Continue reading<span class=\"screen-reader-text\"> &ldquo;Die Kunst des Smartphones&rdquo;<\/span>&hellip;<\/a><\/div>\n","protected":false},"author":2,"featured_media":545,"comment_status":"closed","ping_status":"open","sticky":false,"template":"","format":"standard","meta":{"ngg_post_thumbnail":0,"spay_email":"","jetpack_publicize_message":"","jetpack_is_tweetstorm":false},"categories":[4],"tags":[69,70,67,66,68],"jetpack_featured_media_url":"https:\/\/i0.wp.com\/journalcologne.hmkw.de\/kunstundkoeln\/wp-content\/uploads\/sites\/21\/2015\/04\/Foto-18.04.15-13-04-49.jpg?fit=3264%2C2448","jetpack_publicize_connections":[],"jetpack_sharing_enabled":true,"jetpack_shortlink":"https:\/\/wp.me\/p63LW5-8v","_links":{"self":[{"href":"http:\/\/journalcologne.hmkw.de\/kunstundkoeln\/wp-json\/wp\/v2\/posts\/527"}],"collection":[{"href":"http:\/\/journalcologne.hmkw.de\/kunstundkoeln\/wp-json\/wp\/v2\/posts"}],"about":[{"href":"http:\/\/journalcologne.hmkw.de\/kunstundkoeln\/wp-json\/wp\/v2\/types\/post"}],"author":[{"embeddable":true,"href":"http:\/\/journalcologne.hmkw.de\/kunstundkoeln\/wp-json\/wp\/v2\/users\/2"}],"replies":[{"embeddable":true,"href":"http:\/\/journalcologne.hmkw.de\/kunstundkoeln\/wp-json\/wp\/v2\/comments?post=527"}],"version-history":[{"count":7,"href":"http:\/\/journalcologne.hmkw.de\/kunstundkoeln\/wp-json\/wp\/v2\/posts\/527\/revisions"}],"predecessor-version":[{"id":556,"href":"http:\/\/journalcologne.hmkw.de\/kunstundkoeln\/wp-json\/wp\/v2\/posts\/527\/revisions\/556"}],"wp:featuredmedia":[{"embeddable":true,"href":"http:\/\/journalcologne.hmkw.de\/kunstundkoeln\/wp-json\/wp\/v2\/media\/545"}],"wp:attachment":[{"href":"http:\/\/journalcologne.hmkw.de\/kunstundkoeln\/wp-json\/wp\/v2\/media?parent=527"}],"wp:term":[{"taxonomy":"category","embeddable":true,"href":"http:\/\/journalcologne.hmkw.de\/kunstundkoeln\/wp-json\/wp\/v2\/categories?post=527"},{"taxonomy":"post_tag","embeddable":true,"href":"http:\/\/journalcologne.hmkw.de\/kunstundkoeln\/wp-json\/wp\/v2\/tags?post=527"}],"curies":[{"name":"wp","href":"https:\/\/api.w.org\/{rel}","templated":true}]}}