{"id":540,"date":"2015-04-19T13:19:19","date_gmt":"2015-04-19T11:19:19","guid":{"rendered":"http:\/\/journalcologne.hmkw.de\/kunstundkoeln\/?p=540"},"modified":"2015-04-19T13:20:55","modified_gmt":"2015-04-19T11:20:55","slug":"schauspieler-von-isa-genzken","status":"publish","type":"post","link":"http:\/\/journalcologne.hmkw.de\/kunstundkoeln\/2015\/04\/19\/schauspieler-von-isa-genzken\/","title":{"rendered":"\u201eSchauspieler\u201c von Isa Genzken"},"content":{"rendered":"<div><strong>Isa Genzken<\/strong> ist eine der erfolgreichsten deutschen K\u00fcnstler und hat ein weltweites Standing. Der k\u00fcnstlerische Schwerpunkt der 66-j\u00e4hrigen Wahl-Berlinerin liegt in der Entwicklung von Skulpturen. Angefangen mit Beton-Figuren in den 80ern, entwickelte sich ihre Kunst immer mehr in Richtung Retrospektive. F\u00fcr ihre Arbeiten verwendet das Genie gerne auch Fundsachen, die ihre Werke einzigartig machen.<\/div>\n<div><\/div>\n<div><\/div>\n<div>\n<figure id=\"attachment_547\" aria-describedby=\"caption-attachment-547\" style=\"width: 337px\" class=\"wp-caption aligncenter\"><a href=\"https:\/\/i2.wp.com\/journalcologne.hmkw.de\/kunstundkoeln\/wp-content\/uploads\/sites\/21\/2015\/04\/Bild-21.jpg\"><img data-attachment-id=\"547\" data-permalink=\"http:\/\/journalcologne.hmkw.de\/kunstundkoeln\/2015\/04\/19\/schauspieler-von-isa-genzken\/bild-2-2\/\" data-orig-file=\"https:\/\/i2.wp.com\/journalcologne.hmkw.de\/kunstundkoeln\/wp-content\/uploads\/sites\/21\/2015\/04\/Bild-21.jpg?fit=2448%2C3264\" data-orig-size=\"2448,3264\" data-comments-opened=\"0\" data-image-meta=\"{&quot;aperture&quot;:&quot;2.2&quot;,&quot;credit&quot;:&quot;&quot;,&quot;camera&quot;:&quot;iPhone 5s&quot;,&quot;caption&quot;:&quot;&quot;,&quot;created_timestamp&quot;:&quot;1429445563&quot;,&quot;copyright&quot;:&quot;&quot;,&quot;focal_length&quot;:&quot;4.15&quot;,&quot;iso&quot;:&quot;40&quot;,&quot;shutter_speed&quot;:&quot;0.030303030303&quot;,&quot;title&quot;:&quot;&quot;,&quot;orientation&quot;:&quot;1&quot;}\" data-image-title=\"Bild 2\" data-image-description=\"\" data-medium-file=\"https:\/\/i2.wp.com\/journalcologne.hmkw.de\/kunstundkoeln\/wp-content\/uploads\/sites\/21\/2015\/04\/Bild-21.jpg?fit=632%2C843\" data-large-file=\"https:\/\/i2.wp.com\/journalcologne.hmkw.de\/kunstundkoeln\/wp-content\/uploads\/sites\/21\/2015\/04\/Bild-21.jpg?fit=1020%2C1360\" loading=\"lazy\" class=\"wp-image-547\" src=\"https:\/\/i2.wp.com\/journalcologne.hmkw.de\/kunstundkoeln\/wp-content\/uploads\/sites\/21\/2015\/04\/Bild-21.jpg?resize=337%2C449\" alt=\"Bild 2\" width=\"337\" height=\"449\" srcset=\"https:\/\/i2.wp.com\/journalcologne.hmkw.de\/kunstundkoeln\/wp-content\/uploads\/sites\/21\/2015\/04\/Bild-21.jpg?resize=632%2C843 632w, https:\/\/i2.wp.com\/journalcologne.hmkw.de\/kunstundkoeln\/wp-content\/uploads\/sites\/21\/2015\/04\/Bild-21.jpg?resize=1020%2C1360 1020w, https:\/\/i2.wp.com\/journalcologne.hmkw.de\/kunstundkoeln\/wp-content\/uploads\/sites\/21\/2015\/04\/Bild-21.jpg?resize=600%2C800 600w, https:\/\/i2.wp.com\/journalcologne.hmkw.de\/kunstundkoeln\/wp-content\/uploads\/sites\/21\/2015\/04\/Bild-21.jpg?w=2040 2040w\" sizes=\"(max-width: 337px) 100vw, 337px\" data-recalc-dims=\"1\" \/><\/a><figcaption id=\"caption-attachment-547\" class=\"wp-caption-text\">&#8222;Schauspieler&#8220;<\/figcaption><\/figure>\n<\/div>\n<div>Auf der Art Cologne ist ihr Werk \u201eSchauspieler\u201c zu finden. Es ist eine Skulptur, die stark an Michael Myers aus den Halloween-Horrorfilmen erinnert und in der Galerie<strong> Buchholz Berlin\/K\u00f6ln<\/strong> ausgestellt wird. Die Figur wurde bereits am ersten Ausstellungstag w\u00e4hrend der Preview-Veranstaltung, in der nur geladene G\u00e4ste erscheinen durften, f\u00fcr die l\u00e4ppische Summe von 180.000 Euro verkauft.<\/div>\n<div><\/div>\n<div><em>Autoren: Daniel Horvat &amp; Torsten Dittmann<\/em><\/div>\n","protected":false},"excerpt":{"rendered":"<div class=\"entry-summary\">\nIsa Genzken ist eine der erfolgreichsten deutschen K\u00fcnstler und hat ein weltweites&hellip;\n<\/div>\n<div class=\"link-more\"><a href=\"http:\/\/journalcologne.hmkw.de\/kunstundkoeln\/2015\/04\/19\/schauspieler-von-isa-genzken\/\" class=\"more-link\">Continue reading<span class=\"screen-reader-text\"> &ldquo;\u201eSchauspieler\u201c von Isa Genzken&rdquo;<\/span>&hellip;<\/a><\/div>\n","protected":false},"author":19,"featured_media":548,"comment_status":"closed","ping_status":"open","sticky":false,"template":"","format":"standard","meta":{"ngg_post_thumbnail":0,"spay_email":"","jetpack_publicize_message":"","jetpack_is_tweetstorm":false},"categories":[3,27],"tags":[64,65],"jetpack_featured_media_url":"https:\/\/i0.wp.com\/journalcologne.hmkw.de\/kunstundkoeln\/wp-content\/uploads\/sites\/21\/2015\/04\/Bild-19.jpg?fit=1836%2C3264","jetpack_publicize_connections":[],"jetpack_sharing_enabled":true,"jetpack_shortlink":"https:\/\/wp.me\/p63LW5-8I","_links":{"self":[{"href":"http:\/\/journalcologne.hmkw.de\/kunstundkoeln\/wp-json\/wp\/v2\/posts\/540"}],"collection":[{"href":"http:\/\/journalcologne.hmkw.de\/kunstundkoeln\/wp-json\/wp\/v2\/posts"}],"about":[{"href":"http:\/\/journalcologne.hmkw.de\/kunstundkoeln\/wp-json\/wp\/v2\/types\/post"}],"author":[{"embeddable":true,"href":"http:\/\/journalcologne.hmkw.de\/kunstundkoeln\/wp-json\/wp\/v2\/users\/19"}],"replies":[{"embeddable":true,"href":"http:\/\/journalcologne.hmkw.de\/kunstundkoeln\/wp-json\/wp\/v2\/comments?post=540"}],"version-history":[{"count":4,"href":"http:\/\/journalcologne.hmkw.de\/kunstundkoeln\/wp-json\/wp\/v2\/posts\/540\/revisions"}],"predecessor-version":[{"id":552,"href":"http:\/\/journalcologne.hmkw.de\/kunstundkoeln\/wp-json\/wp\/v2\/posts\/540\/revisions\/552"}],"wp:featuredmedia":[{"embeddable":true,"href":"http:\/\/journalcologne.hmkw.de\/kunstundkoeln\/wp-json\/wp\/v2\/media\/548"}],"wp:attachment":[{"href":"http:\/\/journalcologne.hmkw.de\/kunstundkoeln\/wp-json\/wp\/v2\/media?parent=540"}],"wp:term":[{"taxonomy":"category","embeddable":true,"href":"http:\/\/journalcologne.hmkw.de\/kunstundkoeln\/wp-json\/wp\/v2\/categories?post=540"},{"taxonomy":"post_tag","embeddable":true,"href":"http:\/\/journalcologne.hmkw.de\/kunstundkoeln\/wp-json\/wp\/v2\/tags?post=540"}],"curies":[{"name":"wp","href":"https:\/\/api.w.org\/{rel}","templated":true}]}}