{"id":654,"date":"2016-04-15T14:40:23","date_gmt":"2016-04-15T12:40:23","guid":{"rendered":"http:\/\/journalcologne.hmkw.de\/kunstundkoeln\/?p=654"},"modified":"2016-04-15T21:21:21","modified_gmt":"2016-04-15T19:21:21","slug":"kulturschutzgesetz","status":"publish","type":"post","link":"http:\/\/journalcologne.hmkw.de\/kunstundkoeln\/2016\/04\/15\/kulturschutzgesetz\/","title":{"rendered":"Stimmen der ART COLOGNE zum Kulturschutzgesetz"},"content":{"rendered":"<p><strong>Schutz vor Raub und illegalem Handel oder Zerst\u00f6rung des freien Warenverkehrs?<\/strong><\/p>\n<p>Ein neues Gesetz zum Handel mit Kunstwerken erhitzt aktuell die Gem\u00fcter. Dabei sei das Ziel der Gesetzesnovellierung, \u201enationales Kulturgut\u201c vor illegalem Handel durch versch\u00e4rfte Sorgfalts-, Dokumentations- und Auskunftspflichten zu sch\u00fctzen.<\/p>\n<p>Nicht nur Galerien und Museen, sondern auch private Sammler w\u00e4ren von dem Gesetzesentwurf betroffen, was bisher noch unabsehbare Folgen mit sich bringen wird. Denn die vorgeschriebenen Herkunftsnachweise sind gerade bei \u00e4lteren Werken kaum realisierbar. Wenn diese Werke ohne Nachweise nicht aus Deutschland herausgef\u00fchrt werden d\u00fcrfen, w\u00fcrde das den freien Warenverkehr\u00a0 einschr\u00e4nken. Unabh\u00e4ngig vom erh\u00f6hten Verwaltungsaufwand f\u00fcr alle Seiten, ist bis dato nicht eindeutig gekl\u00e4rt, welche Werke unter die Bezeichnung \u201enationales Kulturgut\u201c fallen und welche nicht.<\/p>\n<p>Was hat mehr Gewicht? Deutsche Kunst vor der Abwanderung ins Ausland und illegalem Handel zu sch\u00fctzen oder den freien Warenverkehr zu erhalten? Wir haben einige Galeristen und K\u00fcnstler auf der ART COLOGNE gefragt, wie sie dar\u00fcber denken.<\/p>\n<p>Niels Borch Jensen haben wir auf der Galerie getroffen.<strong> Was halten Sie von dem neuen Gesetzesentwurf?<\/strong><\/p>\n<!--[if lt IE 9]><script>document.createElement('audio');<\/script><![endif]-->\n<audio class=\"wp-audio-shortcode\" id=\"audio-654-1\" preload=\"none\" style=\"width: 100%;\" controls=\"controls\"><source type=\"audio\/mpeg\" src=\"http:\/\/journalcologne.hmkw.de\/kunstundkoeln\/wp-content\/uploads\/sites\/21\/2016\/04\/Niels-Borch-Jensen_Meinung1.mp3?_=1\" \/><a href=\"http:\/\/journalcologne.hmkw.de\/kunstundkoeln\/wp-content\/uploads\/sites\/21\/2016\/04\/Niels-Borch-Jensen_Meinung1.mp3\">http:\/\/journalcologne.hmkw.de\/kunstundkoeln\/wp-content\/uploads\/sites\/21\/2016\/04\/Niels-Borch-Jensen_Meinung1.mp3<\/a><\/audio>\n<p>Priska Pasquer ist Galeristin und dieses Jahr mit einigen Kunswerken auf der ART COLOGNE vetreten. <strong>Frau Pasquer, was halten Sie denn von dem Gesetzesentwurf?<\/strong><\/p>\n<audio class=\"wp-audio-shortcode\" id=\"audio-654-2\" preload=\"none\" style=\"width: 100%;\" controls=\"controls\"><source type=\"audio\/mpeg\" src=\"http:\/\/journalcologne.hmkw.de\/kunstundkoeln\/wp-content\/uploads\/sites\/21\/2016\/04\/Priska-Pasque_Meinung1.mp3?_=2\" \/><a href=\"http:\/\/journalcologne.hmkw.de\/kunstundkoeln\/wp-content\/uploads\/sites\/21\/2016\/04\/Priska-Pasque_Meinung1.mp3\">http:\/\/journalcologne.hmkw.de\/kunstundkoeln\/wp-content\/uploads\/sites\/21\/2016\/04\/Priska-Pasque_Meinung1.mp3<\/a><\/audio>\n<p>Michael Werner, <strong>wie finden Sie es, dass die Politik versch\u00e4rfte Sicherheitsma\u00dfnahmen einleiten m\u00f6chte zum Schutz der Kunstwerke, die \u00fcber 70 Jahre alt sind?<\/strong><\/p>\n<audio class=\"wp-audio-shortcode\" id=\"audio-654-3\" preload=\"none\" style=\"width: 100%;\" controls=\"controls\"><source type=\"audio\/mpeg\" src=\"http:\/\/journalcologne.hmkw.de\/kunstundkoeln\/wp-content\/uploads\/sites\/21\/2016\/04\/Michael-Werner_Meinung1.mp3?_=3\" \/><a href=\"http:\/\/journalcologne.hmkw.de\/kunstundkoeln\/wp-content\/uploads\/sites\/21\/2016\/04\/Michael-Werner_Meinung1.mp3\">http:\/\/journalcologne.hmkw.de\/kunstundkoeln\/wp-content\/uploads\/sites\/21\/2016\/04\/Michael-Werner_Meinung1.mp3<\/a><\/audio>\n<p><strong>Warum sehen Sie das so?<\/strong><\/p>\n<audio class=\"wp-audio-shortcode\" id=\"audio-654-4\" preload=\"none\" style=\"width: 100%;\" controls=\"controls\"><source type=\"audio\/mpeg\" src=\"http:\/\/journalcologne.hmkw.de\/kunstundkoeln\/wp-content\/uploads\/sites\/21\/2016\/04\/Michael-Werner_BWeiterf\u00fchrung2.mp3?_=4\" \/><a href=\"http:\/\/journalcologne.hmkw.de\/kunstundkoeln\/wp-content\/uploads\/sites\/21\/2016\/04\/Michael-Werner_BWeiterf\u00fchrung2.mp3\">http:\/\/journalcologne.hmkw.de\/kunstundkoeln\/wp-content\/uploads\/sites\/21\/2016\/04\/Michael-Werner_BWeiterf\u00fchrung2.mp3<\/a><\/audio>\n<p>Ole-Christian Koch von der Galerie Koch, die seit 1955 besteht hat auch eine Meinung zum Gesetz. <strong>Herr Koch, was halten Sie davon?<\/strong><\/p>\n<audio class=\"wp-audio-shortcode\" id=\"audio-654-5\" preload=\"none\" style=\"width: 100%;\" controls=\"controls\"><source type=\"audio\/mpeg\" src=\"http:\/\/journalcologne.hmkw.de\/kunstundkoeln\/wp-content\/uploads\/sites\/21\/2016\/04\/Ole-Christian-Koch_Meinung1.mp3?_=5\" \/><a href=\"http:\/\/journalcologne.hmkw.de\/kunstundkoeln\/wp-content\/uploads\/sites\/21\/2016\/04\/Ole-Christian-Koch_Meinung1.mp3\">http:\/\/journalcologne.hmkw.de\/kunstundkoeln\/wp-content\/uploads\/sites\/21\/2016\/04\/Ole-Christian-Koch_Meinung1.mp3<\/a><\/audio>\n<p>Sie denken, dass das Gesetz zum jetzigen Zeitpunkt sowieso nichts bringt. <strong>Warum denken Sie das?<\/strong><\/p>\n<audio class=\"wp-audio-shortcode\" id=\"audio-654-6\" preload=\"none\" style=\"width: 100%;\" controls=\"controls\"><source type=\"audio\/mpeg\" src=\"http:\/\/journalcologne.hmkw.de\/kunstundkoeln\/wp-content\/uploads\/sites\/21\/2016\/04\/Ole-Christian-Koch_Weiterf\u00fchrung2.mp3?_=6\" \/><a href=\"http:\/\/journalcologne.hmkw.de\/kunstundkoeln\/wp-content\/uploads\/sites\/21\/2016\/04\/Ole-Christian-Koch_Weiterf\u00fchrung2.mp3\">http:\/\/journalcologne.hmkw.de\/kunstundkoeln\/wp-content\/uploads\/sites\/21\/2016\/04\/Ole-Christian-Koch_Weiterf\u00fchrung2.mp3<\/a><\/audio>\n<p>Auch die Galeristin Imke Valentien haben wir nach ihrer Meinung gefragt.\u00a0<strong>Was halten Sie von dem neuen Entwurf des Kulturgutschutzgesetzes?<\/strong><\/p>\n<audio class=\"wp-audio-shortcode\" id=\"audio-654-7\" preload=\"none\" style=\"width: 100%;\" controls=\"controls\"><source type=\"audio\/mpeg\" src=\"http:\/\/journalcologne.hmkw.de\/kunstundkoeln\/wp-content\/uploads\/sites\/21\/2016\/04\/Imke-Valentien_Meinung3.mp3?_=7\" \/><a href=\"http:\/\/journalcologne.hmkw.de\/kunstundkoeln\/wp-content\/uploads\/sites\/21\/2016\/04\/Imke-Valentien_Meinung3.mp3\">http:\/\/journalcologne.hmkw.de\/kunstundkoeln\/wp-content\/uploads\/sites\/21\/2016\/04\/Imke-Valentien_Meinung3.mp3<\/a><\/audio>\n<p><strong>Warum sehen Sie das so?<\/strong><\/p>\n<audio class=\"wp-audio-shortcode\" id=\"audio-654-8\" preload=\"none\" style=\"width: 100%;\" controls=\"controls\"><source type=\"audio\/mpeg\" src=\"http:\/\/journalcologne.hmkw.de\/kunstundkoeln\/wp-content\/uploads\/sites\/21\/2016\/04\/Imke-Valentien_Begr\u00fcndung3.mp3?_=8\" \/><a href=\"http:\/\/journalcologne.hmkw.de\/kunstundkoeln\/wp-content\/uploads\/sites\/21\/2016\/04\/Imke-Valentien_Begr\u00fcndung3.mp3\">http:\/\/journalcologne.hmkw.de\/kunstundkoeln\/wp-content\/uploads\/sites\/21\/2016\/04\/Imke-Valentien_Begr\u00fcndung3.mp3<\/a><\/audio>\n<p>Wir haben auf unserem Weg durch die Galerien immer nur negative Stimmen zum Gesetzesentwurf geh\u00f6rt, <strong>warum ist das so?<\/strong><\/p>\n<audio class=\"wp-audio-shortcode\" id=\"audio-654-9\" preload=\"none\" style=\"width: 100%;\" controls=\"controls\"><source type=\"audio\/mpeg\" src=\"http:\/\/journalcologne.hmkw.de\/kunstundkoeln\/wp-content\/uploads\/sites\/21\/2016\/04\/Imke-Valentien_Anti1.mp3?_=9\" \/><a href=\"http:\/\/journalcologne.hmkw.de\/kunstundkoeln\/wp-content\/uploads\/sites\/21\/2016\/04\/Imke-Valentien_Anti1.mp3\">http:\/\/journalcologne.hmkw.de\/kunstundkoeln\/wp-content\/uploads\/sites\/21\/2016\/04\/Imke-Valentien_Anti1.mp3<\/a><\/audio>\n<p><em>(Text: Laura M\u00fcller, Audio: Pia Heidemann)<\/em><\/p>\n<p>&nbsp;<\/p>\n","protected":false},"excerpt":{"rendered":"<div class=\"entry-summary\">\nSchutz vor Raub und illegalem Handel oder Zerst\u00f6rung des freien Warenverkehrs? Ein&hellip;\n<\/div>\n<div class=\"link-more\"><a href=\"http:\/\/journalcologne.hmkw.de\/kunstundkoeln\/2016\/04\/15\/kulturschutzgesetz\/\" class=\"more-link\">Continue reading<span class=\"screen-reader-text\"> &ldquo;Stimmen der ART COLOGNE zum Kulturschutzgesetz&rdquo;<\/span>&hellip;<\/a><\/div>\n","protected":false},"author":118,"featured_media":1065,"comment_status":"closed","ping_status":"open","sticky":false,"template":"","format":"standard","meta":{"ngg_post_thumbnail":0,"spay_email":"","jetpack_publicize_message":"","jetpack_is_tweetstorm":false},"categories":[1,3,5],"tags":[46,110,91],"jetpack_featured_media_url":"https:\/\/i0.wp.com\/journalcologne.hmkw.de\/kunstundkoeln\/wp-content\/uploads\/sites\/21\/2016\/04\/Kgsg.png?fit=2364%2C1773","jetpack_publicize_connections":[],"jetpack_sharing_enabled":true,"jetpack_shortlink":"https:\/\/wp.me\/p63LW5-ay","_links":{"self":[{"href":"http:\/\/journalcologne.hmkw.de\/kunstundkoeln\/wp-json\/wp\/v2\/posts\/654"}],"collection":[{"href":"http:\/\/journalcologne.hmkw.de\/kunstundkoeln\/wp-json\/wp\/v2\/posts"}],"about":[{"href":"http:\/\/journalcologne.hmkw.de\/kunstundkoeln\/wp-json\/wp\/v2\/types\/post"}],"author":[{"embeddable":true,"href":"http:\/\/journalcologne.hmkw.de\/kunstundkoeln\/wp-json\/wp\/v2\/users\/118"}],"replies":[{"embeddable":true,"href":"http:\/\/journalcologne.hmkw.de\/kunstundkoeln\/wp-json\/wp\/v2\/comments?post=654"}],"version-history":[{"count":11,"href":"http:\/\/journalcologne.hmkw.de\/kunstundkoeln\/wp-json\/wp\/v2\/posts\/654\/revisions"}],"predecessor-version":[{"id":1244,"href":"http:\/\/journalcologne.hmkw.de\/kunstundkoeln\/wp-json\/wp\/v2\/posts\/654\/revisions\/1244"}],"wp:featuredmedia":[{"embeddable":true,"href":"http:\/\/journalcologne.hmkw.de\/kunstundkoeln\/wp-json\/wp\/v2\/media\/1065"}],"wp:attachment":[{"href":"http:\/\/journalcologne.hmkw.de\/kunstundkoeln\/wp-json\/wp\/v2\/media?parent=654"}],"wp:term":[{"taxonomy":"category","embeddable":true,"href":"http:\/\/journalcologne.hmkw.de\/kunstundkoeln\/wp-json\/wp\/v2\/categories?post=654"},{"taxonomy":"post_tag","embeddable":true,"href":"http:\/\/journalcologne.hmkw.de\/kunstundkoeln\/wp-json\/wp\/v2\/tags?post=654"}],"curies":[{"name":"wp","href":"https:\/\/api.w.org\/{rel}","templated":true}]}}