{"id":891,"date":"2016-04-15T16:30:56","date_gmt":"2016-04-15T14:30:56","guid":{"rendered":"http:\/\/journalcologne.hmkw.de\/kunstundkoeln\/?p=891"},"modified":"2016-04-15T16:41:02","modified_gmt":"2016-04-15T14:41:02","slug":"das-unpraktischste-werk-der-art-cologne","status":"publish","type":"post","link":"http:\/\/journalcologne.hmkw.de\/kunstundkoeln\/2016\/04\/15\/das-unpraktischste-werk-der-art-cologne\/","title":{"rendered":"Das unpraktischste Werk der ART COLOGNE"},"content":{"rendered":"<p><strong>Neben h\u00f6lzernen Skulpturen, Acrylgem\u00e4lden, Fotografien und Video-Installationen findet man auf der ART COLOGNE auch k\u00fcnstlerische Meisterwerke, bei denen man zun\u00e4chst einmal stutzig wird. &#8222;Was ist das?&#8220;, fragt man sich an dieser Stelle. Neben der Frage nach der Identit\u00e4t\u00a0gibt aber noch eine weitere, die sich wohl den meisten Besuchern beim Betrachten der au\u00dfergew\u00f6hnlichen Konstellationen stellt: &#8222;Was soll ich damit?&#8220;<\/strong><\/p>\n<p>Eines dieser Kunstwerke, welches wohl beide Fragen in den Kopf schie\u00dfen l\u00e4sst, ist &#8222;Aggregation&#8220; des K\u00fcnstlers Kwang Young Chun aus dem Jahre 2015, das\u00a0man au\u00dferhalb der ART COLOGNE in der Galerie BECK &amp; EGGELING in D\u00fcsseldorf bestaunen kann. Es\u00a0ist eine Zusammenkunft verschiedener Materialien und beschriftetem koreanischem Maulbeerpapier. Mit einer Breite und L\u00e4nge von jeweils 3,3 Metern und einer H\u00f6he von fast 2,0\u00a0Metern bietet sich dem Betrachter im wahrsten Sinne ein gigantisches Bild.<\/p>\n<p><strong>Ab in&#8217;s Wohnzimmer<\/strong><\/p>\n<p>Allein die Gr\u00f6\u00dfe ist der Grund, warum der erste Blick an diesem riesigen Brocken h\u00e4ngen bleibt. Das Werk nimmt fast eine Fl\u00e4che von elf Quadratmetern in Anspruch. Dass ein Kunstwerk so gro\u00df ist wie mein letztes WG-Zimmer in K\u00f6ln, ist etwas, was mich wirklich erstaunt. Der n\u00e4chste Blick gilt den tausenden Einzelteilen, die auf dem Boden drum herum angeordnet sind. &#8222;Was das Ding wohl wiegt?&#8220;, frage ich mich. 188 Kilogramm, ist die Antwort. Geht ja noch &#8211; denke ich. Liegt wohl am Maulbeerpapier. Gleich darauf stellt sich mir die Frage &#8222;Wer stellt sich sowas in&#8217;s Wohnzimmer?&#8220;. Ich jedenfalls nicht, so viel steht fest.<\/p>\n<p><strong>Brocken rocken<\/strong><\/p>\n<p>Ich schwirre noch ein paar Mal um das Kunstwerk herum,\u00a0betrachte es aus jedem Winkel. Dabei muss ich mir unweigerlich vorstellen, wie ich jedes Mal durch die Steinchen am Boden stolpere, w\u00e4hrend ich\u00a0an dem Klotz in meinem Wohnzimmer vorbei muss. Apropos Wohnzimmer: &#8222;Wie passt das Ding eigentlich durch eine T\u00fcr \u00a0von Normalsterblichen, die sich kein Loft mit einer Vier-meter-langen-elektisch-verstellbaren-Glaswand leisten k\u00f6nnen?&#8220;. Die Antwort ist simpel: Man kann es in drei Teile zerlegen. Also ist der Brocken doch noch mit ein wenig Praktikabilit\u00e4t ausgestattet, zumindest, was die Transportf\u00e4higkeit betrifft.<\/p>\n<figure id=\"attachment_893\" aria-describedby=\"caption-attachment-893\" style=\"width: 632px\" class=\"wp-caption alignnone\"><a href=\"https:\/\/i2.wp.com\/journalcologne.hmkw.de\/kunstundkoeln\/wp-content\/uploads\/sites\/21\/2016\/04\/IMG_9937.jpg\"><img data-attachment-id=\"893\" data-permalink=\"http:\/\/journalcologne.hmkw.de\/kunstundkoeln\/2016\/04\/15\/das-unpraktischste-werk-der-art-cologne\/img_9937\/\" data-orig-file=\"https:\/\/i2.wp.com\/journalcologne.hmkw.de\/kunstundkoeln\/wp-content\/uploads\/sites\/21\/2016\/04\/IMG_9937.jpg?fit=3264%2C2448\" data-orig-size=\"3264,2448\" data-comments-opened=\"0\" data-image-meta=\"{&quot;aperture&quot;:&quot;2.2&quot;,&quot;credit&quot;:&quot;&quot;,&quot;camera&quot;:&quot;iPhone 5s&quot;,&quot;caption&quot;:&quot;&quot;,&quot;created_timestamp&quot;:&quot;1460557862&quot;,&quot;copyright&quot;:&quot;&quot;,&quot;focal_length&quot;:&quot;4.15&quot;,&quot;iso&quot;:&quot;64&quot;,&quot;shutter_speed&quot;:&quot;0.030303030303&quot;,&quot;title&quot;:&quot;&quot;,&quot;orientation&quot;:&quot;1&quot;}\" data-image-title=\"IMG_9937\" data-image-description=\"\" data-medium-file=\"https:\/\/i2.wp.com\/journalcologne.hmkw.de\/kunstundkoeln\/wp-content\/uploads\/sites\/21\/2016\/04\/IMG_9937.jpg?fit=632%2C474\" data-large-file=\"https:\/\/i2.wp.com\/journalcologne.hmkw.de\/kunstundkoeln\/wp-content\/uploads\/sites\/21\/2016\/04\/IMG_9937.jpg?fit=1020%2C765\" loading=\"lazy\" class=\"wp-image-893 size-medium\" src=\"https:\/\/i2.wp.com\/journalcologne.hmkw.de\/kunstundkoeln\/wp-content\/uploads\/sites\/21\/2016\/04\/IMG_9937.jpg?resize=632%2C474\" alt=\"IMG_9937\" width=\"632\" height=\"474\" srcset=\"https:\/\/i2.wp.com\/journalcologne.hmkw.de\/kunstundkoeln\/wp-content\/uploads\/sites\/21\/2016\/04\/IMG_9937.jpg?resize=632%2C474 632w, https:\/\/i2.wp.com\/journalcologne.hmkw.de\/kunstundkoeln\/wp-content\/uploads\/sites\/21\/2016\/04\/IMG_9937.jpg?resize=1020%2C765 1020w, https:\/\/i2.wp.com\/journalcologne.hmkw.de\/kunstundkoeln\/wp-content\/uploads\/sites\/21\/2016\/04\/IMG_9937.jpg?resize=207%2C155 207w, https:\/\/i2.wp.com\/journalcologne.hmkw.de\/kunstundkoeln\/wp-content\/uploads\/sites\/21\/2016\/04\/IMG_9937.jpg?resize=50%2C38 50w, https:\/\/i2.wp.com\/journalcologne.hmkw.de\/kunstundkoeln\/wp-content\/uploads\/sites\/21\/2016\/04\/IMG_9937.jpg?w=2040 2040w, https:\/\/i2.wp.com\/journalcologne.hmkw.de\/kunstundkoeln\/wp-content\/uploads\/sites\/21\/2016\/04\/IMG_9937.jpg?w=3060 3060w\" sizes=\"(max-width: 632px) 100vw, 632px\" data-recalc-dims=\"1\" \/><\/a><figcaption id=\"caption-attachment-893\" class=\"wp-caption-text\">&#8222;Aggregation&#8220; von Kwang Young Chun (2015) \/\/ Galerie BECK &amp; EGGELING<\/figcaption><\/figure>\n<figure id=\"attachment_895\" aria-describedby=\"caption-attachment-895\" style=\"width: 632px\" class=\"wp-caption alignnone\"><a href=\"https:\/\/i2.wp.com\/journalcologne.hmkw.de\/kunstundkoeln\/wp-content\/uploads\/sites\/21\/2016\/04\/IMG_9939.jpg\"><img data-attachment-id=\"895\" data-permalink=\"http:\/\/journalcologne.hmkw.de\/kunstundkoeln\/2016\/04\/15\/das-unpraktischste-werk-der-art-cologne\/img_9939\/\" data-orig-file=\"https:\/\/i2.wp.com\/journalcologne.hmkw.de\/kunstundkoeln\/wp-content\/uploads\/sites\/21\/2016\/04\/IMG_9939.jpg?fit=2448%2C3264\" data-orig-size=\"2448,3264\" data-comments-opened=\"0\" data-image-meta=\"{&quot;aperture&quot;:&quot;2.2&quot;,&quot;credit&quot;:&quot;&quot;,&quot;camera&quot;:&quot;iPhone 5s&quot;,&quot;caption&quot;:&quot;&quot;,&quot;created_timestamp&quot;:&quot;1460557879&quot;,&quot;copyright&quot;:&quot;&quot;,&quot;focal_length&quot;:&quot;4.15&quot;,&quot;iso&quot;:&quot;125&quot;,&quot;shutter_speed&quot;:&quot;0.030303030303&quot;,&quot;title&quot;:&quot;&quot;,&quot;orientation&quot;:&quot;1&quot;}\" data-image-title=\"IMG_9939\" data-image-description=\"\" data-medium-file=\"https:\/\/i2.wp.com\/journalcologne.hmkw.de\/kunstundkoeln\/wp-content\/uploads\/sites\/21\/2016\/04\/IMG_9939.jpg?fit=632%2C843\" data-large-file=\"https:\/\/i2.wp.com\/journalcologne.hmkw.de\/kunstundkoeln\/wp-content\/uploads\/sites\/21\/2016\/04\/IMG_9939.jpg?fit=1020%2C1360\" loading=\"lazy\" class=\"wp-image-895 size-medium\" src=\"https:\/\/i2.wp.com\/journalcologne.hmkw.de\/kunstundkoeln\/wp-content\/uploads\/sites\/21\/2016\/04\/IMG_9939.jpg?resize=632%2C843\" alt=\"IMG_9939\" width=\"632\" height=\"843\" srcset=\"https:\/\/i2.wp.com\/journalcologne.hmkw.de\/kunstundkoeln\/wp-content\/uploads\/sites\/21\/2016\/04\/IMG_9939.jpg?resize=632%2C843 632w, https:\/\/i2.wp.com\/journalcologne.hmkw.de\/kunstundkoeln\/wp-content\/uploads\/sites\/21\/2016\/04\/IMG_9939.jpg?resize=1020%2C1360 1020w, https:\/\/i2.wp.com\/journalcologne.hmkw.de\/kunstundkoeln\/wp-content\/uploads\/sites\/21\/2016\/04\/IMG_9939.jpg?resize=116%2C155 116w, https:\/\/i2.wp.com\/journalcologne.hmkw.de\/kunstundkoeln\/wp-content\/uploads\/sites\/21\/2016\/04\/IMG_9939.jpg?resize=38%2C50 38w, https:\/\/i2.wp.com\/journalcologne.hmkw.de\/kunstundkoeln\/wp-content\/uploads\/sites\/21\/2016\/04\/IMG_9939.jpg?w=2040 2040w\" sizes=\"(max-width: 632px) 100vw, 632px\" data-recalc-dims=\"1\" \/><\/a><figcaption id=\"caption-attachment-895\" class=\"wp-caption-text\">Das Kunstwerk besteht aus tausenden Einzelteilen.<\/figcaption><\/figure>\n<figure id=\"attachment_896\" aria-describedby=\"caption-attachment-896\" style=\"width: 632px\" class=\"wp-caption alignnone\"><a href=\"https:\/\/i2.wp.com\/journalcologne.hmkw.de\/kunstundkoeln\/wp-content\/uploads\/sites\/21\/2016\/04\/IMG_9941.jpg\"><img data-attachment-id=\"896\" data-permalink=\"http:\/\/journalcologne.hmkw.de\/kunstundkoeln\/2016\/04\/15\/das-unpraktischste-werk-der-art-cologne\/img_9941\/\" data-orig-file=\"https:\/\/i2.wp.com\/journalcologne.hmkw.de\/kunstundkoeln\/wp-content\/uploads\/sites\/21\/2016\/04\/IMG_9941.jpg?fit=3264%2C2448\" data-orig-size=\"3264,2448\" data-comments-opened=\"0\" data-image-meta=\"{&quot;aperture&quot;:&quot;2.2&quot;,&quot;credit&quot;:&quot;&quot;,&quot;camera&quot;:&quot;iPhone 5s&quot;,&quot;caption&quot;:&quot;&quot;,&quot;created_timestamp&quot;:&quot;1460557934&quot;,&quot;copyright&quot;:&quot;&quot;,&quot;focal_length&quot;:&quot;4.15&quot;,&quot;iso&quot;:&quot;80&quot;,&quot;shutter_speed&quot;:&quot;0.030303030303&quot;,&quot;title&quot;:&quot;&quot;,&quot;orientation&quot;:&quot;1&quot;}\" data-image-title=\"IMG_9941\" data-image-description=\"\" data-medium-file=\"https:\/\/i2.wp.com\/journalcologne.hmkw.de\/kunstundkoeln\/wp-content\/uploads\/sites\/21\/2016\/04\/IMG_9941.jpg?fit=632%2C474\" data-large-file=\"https:\/\/i2.wp.com\/journalcologne.hmkw.de\/kunstundkoeln\/wp-content\/uploads\/sites\/21\/2016\/04\/IMG_9941.jpg?fit=1020%2C765\" loading=\"lazy\" class=\"wp-image-896 size-medium\" src=\"https:\/\/i2.wp.com\/journalcologne.hmkw.de\/kunstundkoeln\/wp-content\/uploads\/sites\/21\/2016\/04\/IMG_9941.jpg?resize=632%2C474\" alt=\"IMG_9941\" width=\"632\" height=\"474\" srcset=\"https:\/\/i2.wp.com\/journalcologne.hmkw.de\/kunstundkoeln\/wp-content\/uploads\/sites\/21\/2016\/04\/IMG_9941.jpg?resize=632%2C474 632w, https:\/\/i2.wp.com\/journalcologne.hmkw.de\/kunstundkoeln\/wp-content\/uploads\/sites\/21\/2016\/04\/IMG_9941.jpg?resize=1020%2C765 1020w, https:\/\/i2.wp.com\/journalcologne.hmkw.de\/kunstundkoeln\/wp-content\/uploads\/sites\/21\/2016\/04\/IMG_9941.jpg?resize=207%2C155 207w, https:\/\/i2.wp.com\/journalcologne.hmkw.de\/kunstundkoeln\/wp-content\/uploads\/sites\/21\/2016\/04\/IMG_9941.jpg?resize=50%2C38 50w, https:\/\/i2.wp.com\/journalcologne.hmkw.de\/kunstundkoeln\/wp-content\/uploads\/sites\/21\/2016\/04\/IMG_9941.jpg?w=2040 2040w, https:\/\/i2.wp.com\/journalcologne.hmkw.de\/kunstundkoeln\/wp-content\/uploads\/sites\/21\/2016\/04\/IMG_9941.jpg?w=3060 3060w\" sizes=\"(max-width: 632px) 100vw, 632px\" data-recalc-dims=\"1\" \/><\/a><figcaption id=\"caption-attachment-896\" class=\"wp-caption-text\">Mit rund 118 Kilogramm und einem Fl\u00e4chenbedarf von knapp 11qm ein wahrer Brocken.<\/figcaption><\/figure>\n<p><em>(von Cara Stock)<\/em><\/p>\n","protected":false},"excerpt":{"rendered":"<div class=\"entry-summary\">\nNeben h\u00f6lzernen Skulpturen, Acrylgem\u00e4lden, Fotografien und Video-Installationen findet man auf der ART&hellip;\n<\/div>\n<div class=\"link-more\"><a href=\"http:\/\/journalcologne.hmkw.de\/kunstundkoeln\/2016\/04\/15\/das-unpraktischste-werk-der-art-cologne\/\" class=\"more-link\">Continue reading<span class=\"screen-reader-text\"> &ldquo;Das unpraktischste Werk der ART COLOGNE&rdquo;<\/span>&hellip;<\/a><\/div>\n","protected":false},"author":118,"featured_media":894,"comment_status":"closed","ping_status":"open","sticky":false,"template":"","format":"standard","meta":{"ngg_post_thumbnail":0,"spay_email":"","jetpack_publicize_message":"","jetpack_is_tweetstorm":false},"categories":[4,27],"tags":[46,128,83],"jetpack_featured_media_url":"https:\/\/i1.wp.com\/journalcologne.hmkw.de\/kunstundkoeln\/wp-content\/uploads\/sites\/21\/2016\/04\/IMG_9938.jpg?fit=3264%2C2448","jetpack_publicize_connections":[],"jetpack_sharing_enabled":true,"jetpack_shortlink":"https:\/\/wp.me\/p63LW5-en","_links":{"self":[{"href":"http:\/\/journalcologne.hmkw.de\/kunstundkoeln\/wp-json\/wp\/v2\/posts\/891"}],"collection":[{"href":"http:\/\/journalcologne.hmkw.de\/kunstundkoeln\/wp-json\/wp\/v2\/posts"}],"about":[{"href":"http:\/\/journalcologne.hmkw.de\/kunstundkoeln\/wp-json\/wp\/v2\/types\/post"}],"author":[{"embeddable":true,"href":"http:\/\/journalcologne.hmkw.de\/kunstundkoeln\/wp-json\/wp\/v2\/users\/118"}],"replies":[{"embeddable":true,"href":"http:\/\/journalcologne.hmkw.de\/kunstundkoeln\/wp-json\/wp\/v2\/comments?post=891"}],"version-history":[{"count":9,"href":"http:\/\/journalcologne.hmkw.de\/kunstundkoeln\/wp-json\/wp\/v2\/posts\/891\/revisions"}],"predecessor-version":[{"id":1205,"href":"http:\/\/journalcologne.hmkw.de\/kunstundkoeln\/wp-json\/wp\/v2\/posts\/891\/revisions\/1205"}],"wp:featuredmedia":[{"embeddable":true,"href":"http:\/\/journalcologne.hmkw.de\/kunstundkoeln\/wp-json\/wp\/v2\/media\/894"}],"wp:attachment":[{"href":"http:\/\/journalcologne.hmkw.de\/kunstundkoeln\/wp-json\/wp\/v2\/media?parent=891"}],"wp:term":[{"taxonomy":"category","embeddable":true,"href":"http:\/\/journalcologne.hmkw.de\/kunstundkoeln\/wp-json\/wp\/v2\/categories?post=891"},{"taxonomy":"post_tag","embeddable":true,"href":"http:\/\/journalcologne.hmkw.de\/kunstundkoeln\/wp-json\/wp\/v2\/tags?post=891"}],"curies":[{"name":"wp","href":"https:\/\/api.w.org\/{rel}","templated":true}]}}