{"id":981,"date":"2016-04-15T14:00:22","date_gmt":"2016-04-15T12:00:22","guid":{"rendered":"http:\/\/journalcologne.hmkw.de\/kunstundkoeln\/?p=981"},"modified":"2016-04-15T14:51:28","modified_gmt":"2016-04-15T12:51:28","slug":"warum-art-cologne-eine-umfrage","status":"publish","type":"post","link":"http:\/\/journalcologne.hmkw.de\/kunstundkoeln\/2016\/04\/15\/warum-art-cologne-eine-umfrage\/","title":{"rendered":"Warum ART COLOGNE? &#8211; Eine Umfrage"},"content":{"rendered":"<p><span style=\"font-size: medium\"><span class=\"\"><span class=\"\"><span class=\"\">Die ART COLOGNE lockte zum\u00a0offiziellen Start viele hunderte Besucher nach K\u00f6ln.\u00a0<\/span>D<\/span>er versierte Messebesucher reist p\u00fcnktlich zum offiziellen Messebeginn an. Als gr\u00f6\u00dfte internationale Kunstmesse zieht sie viele Kunstliebhaber nach K\u00f6ln, aber vor allem auch viele junge,\u00a0kulturinteressierte\u00a0Menschen.\u00a0Diese Menschen habe ich gefragt:\u00a0<\/span><\/span><\/p>\n<h4 style=\"text-align: center\">&#8222;Warum ART COLOGNE?&#8220;<\/h4>\n<div class=\"\"><a href=\"https:\/\/soundcloud.com\/theresa-weifels\/umfrage-besucher-nicole-kurpiela\">\u00a0<\/a><\/div>\n<div class=\"\"><iframe width=\"100%\" height=\"450\" scrolling=\"no\" frameborder=\"no\" src=\"https:\/\/w.soundcloud.com\/player\/?url=https%3A%2F%2Fapi.soundcloud.com%2Ftracks%2F259207843&auto_play=false&hide_related=false&visual=true&show_comments=true&color=false&show_user=true&show_reposts=false\"><\/iframe><\/div>\n<div class=\"\"><\/div>\n<div class=\"\"><\/div>\n<div class=\"\"><em>(von Nicole Kurpiela)<\/em><\/div>\n","protected":false},"excerpt":{"rendered":"<div class=\"entry-summary\">\nDie ART COLOGNE lockte zum\u00a0offiziellen Start viele hunderte Besucher nach K\u00f6ln.\u00a0Der versierte&hellip;\n<\/div>\n<div class=\"link-more\"><a href=\"http:\/\/journalcologne.hmkw.de\/kunstundkoeln\/2016\/04\/15\/warum-art-cologne-eine-umfrage\/\" class=\"more-link\">Continue reading<span class=\"screen-reader-text\"> &ldquo;Warum ART COLOGNE? &#8211; Eine Umfrage&rdquo;<\/span>&hellip;<\/a><\/div>\n","protected":false},"author":118,"featured_media":1118,"comment_status":"closed","ping_status":"open","sticky":false,"template":"","format":"standard","meta":{"ngg_post_thumbnail":0,"spay_email":"","jetpack_publicize_message":"","jetpack_is_tweetstorm":false},"categories":[3],"tags":[46,54,98,91],"jetpack_featured_media_url":"https:\/\/i1.wp.com\/journalcologne.hmkw.de\/kunstundkoeln\/wp-content\/uploads\/sites\/21\/2016\/04\/art_15_025_026.jpg?fit=3600%2C2400","jetpack_publicize_connections":[],"jetpack_sharing_enabled":true,"jetpack_shortlink":"https:\/\/wp.me\/p63LW5-fP","_links":{"self":[{"href":"http:\/\/journalcologne.hmkw.de\/kunstundkoeln\/wp-json\/wp\/v2\/posts\/981"}],"collection":[{"href":"http:\/\/journalcologne.hmkw.de\/kunstundkoeln\/wp-json\/wp\/v2\/posts"}],"about":[{"href":"http:\/\/journalcologne.hmkw.de\/kunstundkoeln\/wp-json\/wp\/v2\/types\/post"}],"author":[{"embeddable":true,"href":"http:\/\/journalcologne.hmkw.de\/kunstundkoeln\/wp-json\/wp\/v2\/users\/118"}],"replies":[{"embeddable":true,"href":"http:\/\/journalcologne.hmkw.de\/kunstundkoeln\/wp-json\/wp\/v2\/comments?post=981"}],"version-history":[{"count":9,"href":"http:\/\/journalcologne.hmkw.de\/kunstundkoeln\/wp-json\/wp\/v2\/posts\/981\/revisions"}],"predecessor-version":[{"id":1064,"href":"http:\/\/journalcologne.hmkw.de\/kunstundkoeln\/wp-json\/wp\/v2\/posts\/981\/revisions\/1064"}],"wp:featuredmedia":[{"embeddable":true,"href":"http:\/\/journalcologne.hmkw.de\/kunstundkoeln\/wp-json\/wp\/v2\/media\/1118"}],"wp:attachment":[{"href":"http:\/\/journalcologne.hmkw.de\/kunstundkoeln\/wp-json\/wp\/v2\/media?parent=981"}],"wp:term":[{"taxonomy":"category","embeddable":true,"href":"http:\/\/journalcologne.hmkw.de\/kunstundkoeln\/wp-json\/wp\/v2\/categories?post=981"},{"taxonomy":"post_tag","embeddable":true,"href":"http:\/\/journalcologne.hmkw.de\/kunstundkoeln\/wp-json\/wp\/v2\/tags?post=981"}],"curies":[{"name":"wp","href":"https:\/\/api.w.org\/{rel}","templated":true}]}}